{"id":99347,"date":"2026-05-02T18:53:49","date_gmt":"2026-05-02T21:53:49","guid":{"rendered":"https:\/\/vocesparalelas.com.ar\/sitio\/?p=99347"},"modified":"2026-05-02T18:54:47","modified_gmt":"2026-05-02T21:54:47","slug":"mas-cerca-que-nunca","status":"publish","type":"post","link":"https:\/\/vocesparalelas.com.ar\/sitio\/mas-cerca-que-nunca\/","title":{"rendered":"M\u00e1s cerca que nunca"},"content":{"rendered":"<p>Por el Arzobispo de San Juan de Cuyo, Monse\u00f1or Jorge Lozano<\/p>\n<p>El Evangelio de este domingo nos invita a sumergirnos en uno de los momentos m\u00e1s \u00edntimos y profundos del Evangelio seg\u00fan San Juan (14:1-12). La escena es la \u00daltima Cena; Jes\u00fas, rodeado de sus disc\u00edpulos, les entrega palabras de consuelo, de esperanza y de promesa. En tiempos de incertidumbre, cuando la noche parece alargarse y el coraz\u00f3n se llena de preguntas, Jes\u00fas pronuncia una frase que resuena hoy con fuerza renovada: \u201cNo pierdan la calma. Crean en Dios y crean tambi\u00e9n en m\u00ed. Yo soy el Camino, la Verdad y la Vida\u201d.<\/p>\n<p>La invitaci\u00f3n de Jes\u00fas es clara y directa: conservar la calma, confiar profundamente. No se trata de un optimismo superficial, sino de una serenidad que nace de la fe. En ese contexto, los disc\u00edpulos sienten miedo y desconcierto ante la despedida de su Maestro. Sin embargo, Jes\u00fas no los abandona en su zozobra; les ofrece una presencia, una promesa viva. \u201cCrean en Dios y crean tambi\u00e9n en m\u00ed\u201d: Jes\u00fas se pone en el centro de la confianza, abriendo el coraz\u00f3n a la certeza de que, aunque la vida cambie, \u00c9l permanece y nos gu\u00eda.<\/p>\n<p>Cuando Jes\u00fas dice \u201cYo soy el Camino\u201d, no habla de una senda cualquiera. En la tradici\u00f3n jud\u00eda, el camino era el modo de andar con Dios, de buscar su rostro, de avanzar hacia la plenitud. Jes\u00fas se presenta como el puente entre la humanidad y el Padre, no como un paso hacia la nada o hacia una divinidad difusa. \u00c9l es la ruta concreta, la direcci\u00f3n segura, el sentido profundo de nuestro andar. No nos deja solos, sino que nos acompa\u00f1a y conduce hacia el encuentro verdadero con el Padre, fuente de todo amor. Seguir a Jes\u00fas es descubrir que la meta no es una idea abstracta, sino el abrazo del Padre, el hogar definitivo para nuestro coraz\u00f3n.<\/p>\n<p><strong><span style=\"color: #ff6600;\">Jes\u00fas como la Verdad: Realidad que ilumina y libera<\/span><\/strong><\/p>\n<p>La Verdad, en la Biblia, no es s\u00f3lo informaci\u00f3n o conocimiento; es la realidad que da sentido, que revela lo oculto y libera de las cadenas. Jes\u00fas es la Verdad porque en \u00c9l vemos y tocamos el rostro del Padre. Su palabra ilumina cualquier oscuridad y sus gestos nos muestran el camino de la libertad. La Verdad es la transparencia, la autenticidad, la fidelidad de Dios que nunca enga\u00f1a. En tiempos de confusi\u00f3n y medias verdades, Jes\u00fas nos invita a vivir en la luz, a dejar que la Verdad transforme, sane y libere. La Verdad no es una doctrina r\u00edgida, sino la experiencia de ser conocidos y amados por Dios.<\/p>\n<p><strong><span style=\"color: #ff6600;\">Jes\u00fas como la Vida: Plenitud y sentido para siempre<\/span><\/strong><\/p>\n<p>Cuando Jes\u00fas proclama \u201cYo soy la Vida\u201d, est\u00e1 hablando de algo mucho mayor que la existencia biol\u00f3gica. La Vida es la plenitud, el sentido, la alegr\u00eda que no se acaba. Es la promesa de una vida que supera las fronteras del tiempo, que se extiende m\u00e1s all\u00e1 de la muerte. En Jes\u00fas, la vida se convierte en comuni\u00f3n, en celebraci\u00f3n, en esperanza renovada. \u00c9l nos regala su vida para que vivamos con intensidad, con prop\u00f3sito, con amor. La Vida que ofrece Jes\u00fas es la vida para siempre, la que llena de sentido cada instante y nos conecta con el Padre.<\/p>\n<p><span style=\"color: #ff6600;\"><strong>Jes\u00fas nos acerca al Padre, esperanza y confianza<\/strong><\/span><\/p>\n<p>El mensaje de Jes\u00fas en la \u00daltima Cena sigue siendo actual y necesario. Nos invita a confiar, a no perder la calma, a descubrir que en \u00c9l encontramos el Camino hacia el Padre, la Verdad que ilumina y la Vida que nos llena de plenitud. No somos guiados hacia una divinidad vaga o lejana; Jes\u00fas nos lleva al coraz\u00f3n del Padre, al encuentro que da sentido y esperanza. En este quinto domingo de Pascua, renovemos la confianza: m\u00e1s cerca que nunca, Jes\u00fas nos acompa\u00f1a y nos lleva a la fuente de toda vida y toda verdad. Caminemos con \u00c9l, vivamos en su luz, celebremos la Vida que nunca se acaba.<\/p>\n<p>&nbsp;<\/p>\n<p><iframe loading=\"lazy\" title=\"SAN JUAN MONSE\u00d1OR JORGE LOZANO \" width=\"800\" height=\"450\" src=\"https:\/\/www.youtube.com\/embed\/nAwhGTQTYhQ?feature=oembed\" frameborder=\"0\" allow=\"accelerometer; autoplay; clipboard-write; encrypted-media; gyroscope; picture-in-picture; web-share\" referrerpolicy=\"strict-origin-when-cross-origin\" allowfullscreen><\/iframe><\/p>\n<p>&nbsp;<\/p>\n<p>&nbsp;<\/p>\n<p><img loading=\"lazy\" decoding=\"async\" class=\"alignnone size-full wp-image-61416\" src=\"https:\/\/vocesparalelas.com.ar\/sitio\/wp-content\/uploads\/2023\/07\/ARZOBISPADO-EDIFICIO.jpg\" alt=\"\" width=\"800\" height=\"600\" srcset=\"https:\/\/vocesparalelas.com.ar\/sitio\/wp-content\/uploads\/2023\/07\/ARZOBISPADO-EDIFICIO.jpg 800w, https:\/\/vocesparalelas.com.ar\/sitio\/wp-content\/uploads\/2023\/07\/ARZOBISPADO-EDIFICIO-300x225.jpg 300w, https:\/\/vocesparalelas.com.ar\/sitio\/wp-content\/uploads\/2023\/07\/ARZOBISPADO-EDIFICIO-768x576.jpg 768w\" sizes=\"auto, (max-width: 800px) 100vw, 800px\" \/><\/p>\n","protected":false},"excerpt":{"rendered":"<p>Por el Arzobispo de San Juan de Cuyo, Monse\u00f1or Jorge Lozano El Evangelio de este domingo nos invita a sumergirnos<\/p>\n","protected":false},"author":3,"featured_media":81112,"comment_status":"closed","ping_status":"closed","sticky":false,"template":"","format":"standard","meta":{"_acf_changed":false,"_seopress_robots_primary_cat":"none","_seopress_titles_title":"","_seopress_titles_desc":"","_seopress_robots_index":"","colormag_page_container_layout":"default_layout","colormag_page_sidebar_layout":"default_layout","footnotes":""},"categories":[1],"tags":[],"class_list":["post-99347","post","type-post","status-publish","format-standard","has-post-thumbnail","hentry","category-destacadas"],"acf":[],"_links":{"self":[{"href":"https:\/\/vocesparalelas.com.ar\/sitio\/wp-json\/wp\/v2\/posts\/99347","targetHints":{"allow":["GET"]}}],"collection":[{"href":"https:\/\/vocesparalelas.com.ar\/sitio\/wp-json\/wp\/v2\/posts"}],"about":[{"href":"https:\/\/vocesparalelas.com.ar\/sitio\/wp-json\/wp\/v2\/types\/post"}],"author":[{"embeddable":true,"href":"https:\/\/vocesparalelas.com.ar\/sitio\/wp-json\/wp\/v2\/users\/3"}],"replies":[{"embeddable":true,"href":"https:\/\/vocesparalelas.com.ar\/sitio\/wp-json\/wp\/v2\/comments?post=99347"}],"version-history":[{"count":1,"href":"https:\/\/vocesparalelas.com.ar\/sitio\/wp-json\/wp\/v2\/posts\/99347\/revisions"}],"predecessor-version":[{"id":99350,"href":"https:\/\/vocesparalelas.com.ar\/sitio\/wp-json\/wp\/v2\/posts\/99347\/revisions\/99350"}],"wp:featuredmedia":[{"embeddable":true,"href":"https:\/\/vocesparalelas.com.ar\/sitio\/wp-json\/wp\/v2\/media\/81112"}],"wp:attachment":[{"href":"https:\/\/vocesparalelas.com.ar\/sitio\/wp-json\/wp\/v2\/media?parent=99347"}],"wp:term":[{"taxonomy":"category","embeddable":true,"href":"https:\/\/vocesparalelas.com.ar\/sitio\/wp-json\/wp\/v2\/categories?post=99347"},{"taxonomy":"post_tag","embeddable":true,"href":"https:\/\/vocesparalelas.com.ar\/sitio\/wp-json\/wp\/v2\/tags?post=99347"}],"curies":[{"name":"wp","href":"https:\/\/api.w.org\/{rel}","templated":true}]}}