{"id":99343,"date":"2026-05-02T12:28:26","date_gmt":"2026-05-02T15:28:26","guid":{"rendered":"https:\/\/vocesparalelas.com.ar\/sitio\/?p=99343"},"modified":"2026-05-02T12:31:15","modified_gmt":"2026-05-02T15:31:15","slug":"encuentro-de-fe-con-adoracion-eucaristico-y-musica-en-vivo-en-san-juan","status":"publish","type":"post","link":"https:\/\/vocesparalelas.com.ar\/sitio\/encuentro-de-fe-con-adoracion-eucaristico-y-musica-en-vivo-en-san-juan\/","title":{"rendered":"Encuentro de Fe con Adoraci\u00f3n Eucar\u00edstico y M\u00fasica en Vivo en San Juan"},"content":{"rendered":"<p>Arquidi\u00f3cesis de San Juan de Cuyo, en colaboraci\u00f3n con Cielo Abierto, anunci\u00f3 la realizaci\u00f3n de un gran concierto gratuito de adoraci\u00f3n eucar\u00edstica ante el Sant\u00edsimo Sacramento del Altar, que se desarrolla el S\u00e1bado, 9 de Mayo, a las 17:00 horas, en el Club Atl\u00e9tico Trinidad.<\/p>\n<p>El evento cuenta con la anuencia de monse\u00f1or Jorge Eduardo Lozano, Arzobispo de San Juan de Cuyo. La organizaci\u00f3n de esta misi\u00f3n est\u00e1 a cargo de la Pastoral Art\u00edstica, Radio Madre de Dios, en adhesi\u00f3n a sus 10 a\u00f1os, y la Acci\u00f3n Cat\u00f3lica.<\/p>\n<p>Se espera la asistencia de m\u00e1s de 7 mil personas, en lo que es una de las mayores concentraciones de fe en la regi\u00f3n, reuniendo a familias y j\u00f3venes en un ambiente de oraci\u00f3n, m\u00fasica y encuentro espiritual. El escenario contar\u00e1 con la participaci\u00f3n de destacados exponentes de la m\u00fasica cat\u00f3lica.<\/p>\n<ul>\n<li>Ver\u00f3nica Sanfilippo (Argentina),<\/li>\n<li>Joaqu\u00edn Ch\u00e1vez (Argentina),<\/li>\n<li>Itala y Juanjo (Per\u00fa y Paraguay),<\/li>\n<li>Cristal y Pedro (M\u00e9xico), reconocidos como pioneros de esta misi\u00f3n evangelizadora.<\/li>\n<\/ul>\n<p>Como preparaci\u00f3n para este encuentro, del 4 al 8 de Mayo se celebran misas y Noches de Adoraci\u00f3n en distintas parroquias de la ciudad de San Juan, donde adem\u00e1s se est\u00e1n distribuyendo boletos gratuitos para el acceso al concierto.<\/p>\n<p>Cielo Abierto se ha consolidado como una de las misiones de evangelizaci\u00f3n m\u00e1s influyentes en su tipo, ofreciendo experiencias que combinan m\u00fasica, oraci\u00f3n y tecnolog\u00eda de alto nivel en audio, iluminaci\u00f3n y escenograf\u00eda, creando un ambiente propicio para la adoraci\u00f3n ante Jes\u00fas Eucarist\u00eda.<\/p>\n<p>Con 16 a\u00f1os de trayectoria, esta misi\u00f3n ha recorrido M\u00e9xico, Estados Unidos y gran parte de Am\u00e9rica Latina, sumando cerca de 300 conciertos en recintos de gran relevancia y llevando un mensaje de fe que contin\u00faa reuniendo multitudes.<\/p>\n<p>Para m\u00e1s informaci\u00f3n, el p\u00fablico puede comunicarse v\u00eda WhatsApp al +52 55 4396 6900. Comunicaci\u00f3n Cielo abierto Atenci\u00f3n a prensa con Lourdes Gonz\u00e1lez: +52 55 4365 5920\u00a0<a href=\"http:\/\/www.cieloabierto.com.mx\">http:\/\/www.cieloabierto.com.mx<\/a> \u00a0Escanea el c\u00f3digo! y accede al Kit de Prensa digital. Incluye informaci\u00f3n y publicidad referente al evento, as\u00ed como fotos, m\u00fasica y m\u00e1s.<\/p>\n<p>&nbsp;<\/p>\n<p><img loading=\"lazy\" decoding=\"async\" class=\"alignnone size-full wp-image-61416\" src=\"https:\/\/vocesparalelas.com.ar\/sitio\/wp-content\/uploads\/2023\/07\/ARZOBISPADO-EDIFICIO.jpg\" alt=\"\" width=\"800\" height=\"600\" srcset=\"https:\/\/vocesparalelas.com.ar\/sitio\/wp-content\/uploads\/2023\/07\/ARZOBISPADO-EDIFICIO.jpg 800w, https:\/\/vocesparalelas.com.ar\/sitio\/wp-content\/uploads\/2023\/07\/ARZOBISPADO-EDIFICIO-300x225.jpg 300w, https:\/\/vocesparalelas.com.ar\/sitio\/wp-content\/uploads\/2023\/07\/ARZOBISPADO-EDIFICIO-768x576.jpg 768w\" sizes=\"auto, (max-width: 800px) 100vw, 800px\" \/><\/p>\n","protected":false},"excerpt":{"rendered":"<p>Arquidi\u00f3cesis de San Juan de Cuyo, en colaboraci\u00f3n con Cielo Abierto, anunci\u00f3 la realizaci\u00f3n de un gran concierto gratuito de<\/p>\n","protected":false},"author":3,"featured_media":87813,"comment_status":"closed","ping_status":"closed","sticky":false,"template":"","format":"standard","meta":{"_acf_changed":false,"_seopress_robots_primary_cat":"none","_seopress_titles_title":"","_seopress_titles_desc":"","_seopress_robots_index":"","colormag_page_container_layout":"default_layout","colormag_page_sidebar_layout":"default_layout","footnotes":""},"categories":[1],"tags":[],"class_list":["post-99343","post","type-post","status-publish","format-standard","has-post-thumbnail","hentry","category-destacadas"],"acf":[],"_links":{"self":[{"href":"https:\/\/vocesparalelas.com.ar\/sitio\/wp-json\/wp\/v2\/posts\/99343","targetHints":{"allow":["GET"]}}],"collection":[{"href":"https:\/\/vocesparalelas.com.ar\/sitio\/wp-json\/wp\/v2\/posts"}],"about":[{"href":"https:\/\/vocesparalelas.com.ar\/sitio\/wp-json\/wp\/v2\/types\/post"}],"author":[{"embeddable":true,"href":"https:\/\/vocesparalelas.com.ar\/sitio\/wp-json\/wp\/v2\/users\/3"}],"replies":[{"embeddable":true,"href":"https:\/\/vocesparalelas.com.ar\/sitio\/wp-json\/wp\/v2\/comments?post=99343"}],"version-history":[{"count":1,"href":"https:\/\/vocesparalelas.com.ar\/sitio\/wp-json\/wp\/v2\/posts\/99343\/revisions"}],"predecessor-version":[{"id":99346,"href":"https:\/\/vocesparalelas.com.ar\/sitio\/wp-json\/wp\/v2\/posts\/99343\/revisions\/99346"}],"wp:featuredmedia":[{"embeddable":true,"href":"https:\/\/vocesparalelas.com.ar\/sitio\/wp-json\/wp\/v2\/media\/87813"}],"wp:attachment":[{"href":"https:\/\/vocesparalelas.com.ar\/sitio\/wp-json\/wp\/v2\/media?parent=99343"}],"wp:term":[{"taxonomy":"category","embeddable":true,"href":"https:\/\/vocesparalelas.com.ar\/sitio\/wp-json\/wp\/v2\/categories?post=99343"},{"taxonomy":"post_tag","embeddable":true,"href":"https:\/\/vocesparalelas.com.ar\/sitio\/wp-json\/wp\/v2\/tags?post=99343"}],"curies":[{"name":"wp","href":"https:\/\/api.w.org\/{rel}","templated":true}]}}