{"id":99329,"date":"2026-04-30T23:20:36","date_gmt":"2026-05-01T02:20:36","guid":{"rendered":"https:\/\/vocesparalelas.com.ar\/sitio\/?p=99329"},"modified":"2026-04-30T23:20:36","modified_gmt":"2026-05-01T02:20:36","slug":"se-inauguro-la-xxxi-edicion-de-la-feria-internacional-de-las-artesanias-en-san-juan","status":"publish","type":"post","link":"https:\/\/vocesparalelas.com.ar\/sitio\/se-inauguro-la-xxxi-edicion-de-la-feria-internacional-de-las-artesanias-en-san-juan\/","title":{"rendered":"Se inaugur\u00f3 la XXXI edici\u00f3n de la Feria Internacional de las Artesan\u00edas en San Juan"},"content":{"rendered":"<p>En una jornada marcada por la celebraci\u00f3n de la identidad y la cultura, el gobernador de San Juan, Dr. Marcelo Orrego, dej\u00f3 oficialmente inaugurada la XXXI Edici\u00f3n Internacional de la Feria de Artesan\u00edas.<\/p>\n<p>El acto tuvo lugar este jueves en el Costanera Complejo Ferial, Departamento Chimbas, ante una nutrida concurrencia que se dio cita para dar inicio a uno de los eventos culturales m\u00e1s relevantes de la regi\u00f3n. Esta feria, que cuenta con m\u00e1s de tres d\u00e9cadas de trayectoria, ha logrado consolidarse como un espacio emblem\u00e1tico que a\u00f1o tras a\u00f1o crece en convocatoria, calidad y diversidad, promoviendo un encuentro genuino entre saberes y tradiciones de distintos puntos del mundo.<\/p>\n<p>En la ceremonia de apertura junto al gobernador estuvieron presentes el ministro de Turismo, Cultura y Deporte, Dr. Guido Romero; la ministra de Gobierno, Dra. Laura Palma; y la ministra de Educaci\u00f3n, Lic. Silvia Fuentes. Asimismo, participaron de la inauguraci\u00f3n la directora del Mercado Artesanal Tradicional Luisa Escudero, Lic. Soledad Guell Cassab, y el organizador de la feria, Maximiliano Cosma, quienes acompa\u00f1aron al mandatario junto a los artesanos expositores y un numeroso p\u00fablico que recorri\u00f3 las instalaciones desde el primer momento.<\/p>\n<p>Durante su discurso, el gobernador de San Juan, Dr. Marcelo Orrego puntualiz\u00f3 que \u00abel valor profundamente del esfuerzo detr\u00e1s de la organizaci\u00f3n y el impacto econ\u00f3mico de la muestra. Agradezco a quienes trabajaron con intensidad para abrir las puertas de esta feria tan esperada por los sanjuaninos y visitantes\u00bb.<\/p>\n<p>\u00abQuiero saludar a todos los que son parte de estos m\u00e1s de 250 stands, que generan trabajo. Y en un d\u00eda tan especial como hoy, porque estamos tambi\u00e9n en la v\u00edspera del d\u00eda del D\u00eda del Trabajador. Espero que ma\u00f1ana pasen un feliz d\u00eda. Van a hacerlo de la mejor forma de todas, que es trabajando y generando tambi\u00e9n trabajo, porque la verdad que estos son microempresas y muchas de ellas son empresas familiares, y tener la oportunidad de disfrutarlo de esta manera no es poca cosa, sobre todo en tiempos delicados. Esto nos genera muchas expectativas como siempre con esta feria\u201d.<\/p>\n<p>\u00abLas altas expectativas tur\u00edsticas, mencionando que San Juan tendr\u00e1 casi el cien por ciento de sus plazas hoteleras cubiertas debido a la confluencia de este evento con otros congresos y la cercan\u00eda de la feria minera. Los sanjuaninos somos muy buenos anfitriones y esta feria nos pone muy orgullosos\u00bb &#8211; sintetiz\u00f3 el gobernador de San Juan, Dr. Marcelo Orrego.<\/p>\n<p><iframe loading=\"lazy\" title=\"Orrego particip\u00f3 de la apertura de la Feria de Artesan\u00edas\" width=\"800\" height=\"450\" src=\"https:\/\/www.youtube.com\/embed\/3jjnIbhvttU?feature=oembed\" frameborder=\"0\" allow=\"accelerometer; autoplay; clipboard-write; encrypted-media; gyroscope; picture-in-picture; web-share\" referrerpolicy=\"strict-origin-when-cross-origin\" allowfullscreen><\/iframe><\/p>\n<p><span style=\"color: #ff6600;\"><strong>Un recorrido por la identidad y la creatividad internacional<\/strong><\/span><\/p>\n<p>La propuesta de esta trig\u00e9simo primera edici\u00f3n se extiende hasta el pr\u00f3ximo 10 de mayo y funciona diariamente en horario de 16 a 22 horas. En esta oportunidad, el predio alberga a m\u00e1s de 300 expositores nacionales e internacionales, destac\u00e1ndose la participaci\u00f3n de maestros artesanos de provincias como C\u00f3rdoba y Buenos Aires que eligen San Juan por la calidez de su gente y el nivel de ventas.<\/p>\n<p>Uno de los pilares fundamentales de la muestra es la carpa denominada Ruta Artesanal de San Juan 2026, donde los 19 departamentos de la provincia exhiben su patrimonio cultural bajo la coordinaci\u00f3n del Mercado Artesanal Tradicional.<\/p>\n<p>Adem\u00e1s del sector de artesan\u00edas, el p\u00fablico puede disfrutar de un patio gastron\u00f3mico, un \u00e1rea infantil y presentaciones de m\u00fasicos y bailarines locales a partir de las 21 horas. Como incentivo a la excelencia, un jurado especializado seleccionar\u00e1 las mejores piezas para que sean adquiridas por el Estado provincial, reconociendo as\u00ed el talento de los artistas de la regi\u00f3n y del pa\u00eds.<\/p>\n<p><img loading=\"lazy\" decoding=\"async\" class=\"alignnone size-full wp-image-99333\" src=\"https:\/\/vocesparalelas.com.ar\/sitio\/wp-content\/uploads\/2026\/04\/FERIA-ARTESANIA-02.jpg\" alt=\"\" width=\"800\" height=\"450\" srcset=\"https:\/\/vocesparalelas.com.ar\/sitio\/wp-content\/uploads\/2026\/04\/FERIA-ARTESANIA-02.jpg 800w, https:\/\/vocesparalelas.com.ar\/sitio\/wp-content\/uploads\/2026\/04\/FERIA-ARTESANIA-02-300x169.jpg 300w, https:\/\/vocesparalelas.com.ar\/sitio\/wp-content\/uploads\/2026\/04\/FERIA-ARTESANIA-02-768x432.jpg 768w\" sizes=\"auto, (max-width: 800px) 100vw, 800px\" \/><\/p>\n","protected":false},"excerpt":{"rendered":"<p>En una jornada marcada por la celebraci\u00f3n de la identidad y la cultura, el gobernador de San Juan, Dr. Marcelo<\/p>\n","protected":false},"author":3,"featured_media":99332,"comment_status":"closed","ping_status":"closed","sticky":false,"template":"","format":"standard","meta":{"_acf_changed":false,"_seopress_robots_primary_cat":"none","_seopress_titles_title":"","_seopress_titles_desc":"","_seopress_robots_index":"","colormag_page_container_layout":"default_layout","colormag_page_sidebar_layout":"default_layout","footnotes":""},"categories":[1,7],"tags":[],"class_list":["post-99329","post","type-post","status-publish","format-standard","has-post-thumbnail","hentry","category-destacadas","category-videos"],"acf":[],"_links":{"self":[{"href":"https:\/\/vocesparalelas.com.ar\/sitio\/wp-json\/wp\/v2\/posts\/99329","targetHints":{"allow":["GET"]}}],"collection":[{"href":"https:\/\/vocesparalelas.com.ar\/sitio\/wp-json\/wp\/v2\/posts"}],"about":[{"href":"https:\/\/vocesparalelas.com.ar\/sitio\/wp-json\/wp\/v2\/types\/post"}],"author":[{"embeddable":true,"href":"https:\/\/vocesparalelas.com.ar\/sitio\/wp-json\/wp\/v2\/users\/3"}],"replies":[{"embeddable":true,"href":"https:\/\/vocesparalelas.com.ar\/sitio\/wp-json\/wp\/v2\/comments?post=99329"}],"version-history":[{"count":1,"href":"https:\/\/vocesparalelas.com.ar\/sitio\/wp-json\/wp\/v2\/posts\/99329\/revisions"}],"predecessor-version":[{"id":99334,"href":"https:\/\/vocesparalelas.com.ar\/sitio\/wp-json\/wp\/v2\/posts\/99329\/revisions\/99334"}],"wp:featuredmedia":[{"embeddable":true,"href":"https:\/\/vocesparalelas.com.ar\/sitio\/wp-json\/wp\/v2\/media\/99332"}],"wp:attachment":[{"href":"https:\/\/vocesparalelas.com.ar\/sitio\/wp-json\/wp\/v2\/media?parent=99329"}],"wp:term":[{"taxonomy":"category","embeddable":true,"href":"https:\/\/vocesparalelas.com.ar\/sitio\/wp-json\/wp\/v2\/categories?post=99329"},{"taxonomy":"post_tag","embeddable":true,"href":"https:\/\/vocesparalelas.com.ar\/sitio\/wp-json\/wp\/v2\/tags?post=99329"}],"curies":[{"name":"wp","href":"https:\/\/api.w.org\/{rel}","templated":true}]}}