{"id":99324,"date":"2026-04-30T22:45:11","date_gmt":"2026-05-01T01:45:11","guid":{"rendered":"https:\/\/vocesparalelas.com.ar\/sitio\/?p=99324"},"modified":"2026-04-30T22:45:11","modified_gmt":"2026-05-01T01:45:11","slug":"el-condor-andino-logro-su-recuperacion-y-el-habitat-natural-en-el-area-protegida-pedernal-en-san-juan","status":"publish","type":"post","link":"https:\/\/vocesparalelas.com.ar\/sitio\/el-condor-andino-logro-su-recuperacion-y-el-habitat-natural-en-el-area-protegida-pedernal-en-san-juan\/","title":{"rendered":"El C\u00f3ndor Andino logr\u00f3 su recuperaci\u00f3n y el h\u00e1bitat natural en el \u00c1rea Protegida Pedernal en San Juan"},"content":{"rendered":"<p>La Provincia de San Juan conmemor\u00f3 el D\u00eda del Animal con una acci\u00f3n que une conservaci\u00f3n, educaci\u00f3n y cultura ancestral. Tras un a\u00f1o de recuperaci\u00f3n, un ejemplar juvenil de c\u00f3ndor andino regres\u00f3 a su h\u00e1bitat natural en el \u00c1rea Protegida Pedernal.<\/p>\n<p>En el marco de las actividades conmemorativas por el D\u00eda del Animal, la Secretar\u00eda de Ambiente y Desarrollo Sustentable, llevar\u00e1 adelante la liberaci\u00f3n de \u201cPachakamaq\u201d, un ejemplar juvenil de c\u00f3ndor andino (Vultur gryphus) que volver\u00e1 a surcar los cielos sanjuaninos luego de un intenso proceso de rescate y rehabilitaci\u00f3n.<\/p>\n<p>La liberaci\u00f3n se concret\u00f3 en el Dique Las Crucecitas, en el \u00c1rea Protegida Pedernal, Departamento Sarmiento. All\u00ed, la naturaleza, la educaci\u00f3n ambiental y las tradiciones ancestrales se unieron en una jornada que busca fortalecer el compromiso de las nuevas generaciones con la biodiversidad de San Juan.<\/p>\n<p>Participaron estudiantes de la Escuela Albergue Josefa Ram\u00edrez de Garc\u00eda, de la Secundaria Pedernal y de la Secundaria Divisadero, con el objetivo de que los chicos conozcan de cerca esta emblem\u00e1tica especie y comprendan la importancia de protegerla.<\/p>\n<p><iframe loading=\"lazy\" title=\"SAN JUAN LIBERACI\u00d3N C\u00d3NDOR ANDINO\" width=\"800\" height=\"450\" src=\"https:\/\/www.youtube.com\/embed\/Cui39xx1Xx4?feature=oembed\" frameborder=\"0\" allow=\"accelerometer; autoplay; clipboard-write; encrypted-media; gyroscope; picture-in-picture; web-share\" referrerpolicy=\"strict-origin-when-cross-origin\" allowfullscreen><\/iframe><\/p>\n<p>La experiencia permiti\u00f3 acercar la conservaci\u00f3n ambiental al territorio y transformar el aprendizaje en una vivencia directa con la fauna silvestre. Adem\u00e1s estuvieron presentes el secretario de Ambiente Federico R\u00edos, el secretario de Seguridad Enrique Delgado, el intendente departamental Alfredo Castro.<\/p>\n<p>Adem\u00e1s, la Comunidad Huarpe Cacique Colchagual tuvo a su cargo la ceremonia ancestral de liberaci\u00f3n, una pr\u00e1ctica cargada de simbolismo que representa el v\u00ednculo espiritual entre los pueblos originarios y la naturaleza. De esta manera, la jornada integr\u00f3 el conocimiento cient\u00edfico con la cosmovisi\u00f3n ancestral, reforzando el valor cultural y ambiental del c\u00f3ndor andino para toda la regi\u00f3n.<\/p>\n<p><strong><span style=\"color: #339966;\">Historia de Pachakamaq<\/span><\/strong><\/p>\n<p>La historia de este ejemplar comenz\u00f3 el 9 de abril de 2025, cuando fue rescatado en el departamento 9 de Julio luego de un aparente incidente con tendido el\u00e9ctrico. A partir de ese momento, se activ\u00f3 un trabajo articulado entre la Direcci\u00f3n de Conservaci\u00f3n, la Polic\u00eda Ecol\u00f3gica, el Centro de Rehabilitaci\u00f3n de Fauna Silvestre y la Fundaci\u00f3n Bioandina para lograr su recuperaci\u00f3n.<\/p>\n<p>Durante un a\u00f1o, el ave atraves\u00f3 distintas etapas de atenci\u00f3n veterinaria, cuarentena y rehabilitaci\u00f3n f\u00edsica hasta recuperar la musculatura y las capacidades necesarias para sobrevivir nuevamente en libertad.<\/p>\n<p>El regreso de Pachakamaq a las alturas no solo representa la recuperaci\u00f3n de un animal silvestre. Tambi\u00e9n significa preservar una especie clave para el equilibrio ambiental. El c\u00f3ndor andino cumple un rol fundamental como carro\u00f1ero natural, ayudando a mantener los ecosistemas saludables y evitando la propagaci\u00f3n de enfermedades.<\/p>\n<p>El Gobierno de San Juan fortalece su pol\u00edtica ambiental y pone en el centro la protecci\u00f3n de la fauna silvestre, la educaci\u00f3n de las nuevas generaciones y el trabajo conjunto con las comunidades.<\/p>\n<p><img loading=\"lazy\" decoding=\"async\" class=\"alignnone size-large wp-image-18375\" src=\"https:\/\/vocesparalelas.com.ar\/sitio\/wp-content\/uploads\/2019\/01\/AMBIENTE-CARTEL-800x496.jpg\" alt=\"\" width=\"800\" height=\"496\" srcset=\"https:\/\/vocesparalelas.com.ar\/sitio\/wp-content\/uploads\/2019\/01\/AMBIENTE-CARTEL-800x496.jpg 800w, https:\/\/vocesparalelas.com.ar\/sitio\/wp-content\/uploads\/2019\/01\/AMBIENTE-CARTEL-300x186.jpg 300w, https:\/\/vocesparalelas.com.ar\/sitio\/wp-content\/uploads\/2019\/01\/AMBIENTE-CARTEL-768x476.jpg 768w, https:\/\/vocesparalelas.com.ar\/sitio\/wp-content\/uploads\/2019\/01\/AMBIENTE-CARTEL.jpg 1000w\" sizes=\"auto, (max-width: 800px) 100vw, 800px\" \/><\/p>\n","protected":false},"excerpt":{"rendered":"<p>La Provincia de San Juan conmemor\u00f3 el D\u00eda del Animal con una acci\u00f3n que une conservaci\u00f3n, educaci\u00f3n y cultura ancestral.<\/p>\n","protected":false},"author":3,"featured_media":99327,"comment_status":"closed","ping_status":"closed","sticky":false,"template":"","format":"standard","meta":{"_acf_changed":false,"_seopress_robots_primary_cat":"none","_seopress_titles_title":"","_seopress_titles_desc":"","_seopress_robots_index":"","colormag_page_container_layout":"default_layout","colormag_page_sidebar_layout":"default_layout","footnotes":""},"categories":[1,7],"tags":[],"class_list":["post-99324","post","type-post","status-publish","format-standard","has-post-thumbnail","hentry","category-destacadas","category-videos"],"acf":[],"_links":{"self":[{"href":"https:\/\/vocesparalelas.com.ar\/sitio\/wp-json\/wp\/v2\/posts\/99324","targetHints":{"allow":["GET"]}}],"collection":[{"href":"https:\/\/vocesparalelas.com.ar\/sitio\/wp-json\/wp\/v2\/posts"}],"about":[{"href":"https:\/\/vocesparalelas.com.ar\/sitio\/wp-json\/wp\/v2\/types\/post"}],"author":[{"embeddable":true,"href":"https:\/\/vocesparalelas.com.ar\/sitio\/wp-json\/wp\/v2\/users\/3"}],"replies":[{"embeddable":true,"href":"https:\/\/vocesparalelas.com.ar\/sitio\/wp-json\/wp\/v2\/comments?post=99324"}],"version-history":[{"count":1,"href":"https:\/\/vocesparalelas.com.ar\/sitio\/wp-json\/wp\/v2\/posts\/99324\/revisions"}],"predecessor-version":[{"id":99328,"href":"https:\/\/vocesparalelas.com.ar\/sitio\/wp-json\/wp\/v2\/posts\/99324\/revisions\/99328"}],"wp:featuredmedia":[{"embeddable":true,"href":"https:\/\/vocesparalelas.com.ar\/sitio\/wp-json\/wp\/v2\/media\/99327"}],"wp:attachment":[{"href":"https:\/\/vocesparalelas.com.ar\/sitio\/wp-json\/wp\/v2\/media?parent=99324"}],"wp:term":[{"taxonomy":"category","embeddable":true,"href":"https:\/\/vocesparalelas.com.ar\/sitio\/wp-json\/wp\/v2\/categories?post=99324"},{"taxonomy":"post_tag","embeddable":true,"href":"https:\/\/vocesparalelas.com.ar\/sitio\/wp-json\/wp\/v2\/tags?post=99324"}],"curies":[{"name":"wp","href":"https:\/\/api.w.org\/{rel}","templated":true}]}}