{"id":99318,"date":"2026-04-30T22:00:27","date_gmt":"2026-05-01T01:00:27","guid":{"rendered":"https:\/\/vocesparalelas.com.ar\/sitio\/?p=99318"},"modified":"2026-04-30T22:06:58","modified_gmt":"2026-05-01T01:06:58","slug":"el-cin-argentina-solicita-y-reclama-el-cumplimiento-de-la-ley-de-financiamiento-universitario","status":"publish","type":"post","link":"https:\/\/vocesparalelas.com.ar\/sitio\/el-cin-argentina-solicita-y-reclama-el-cumplimiento-de-la-ley-de-financiamiento-universitario\/","title":{"rendered":"El CIN Argentina solicita y reclama el cumplimiento de la Ley de Financiamiento Universitario"},"content":{"rendered":"<p>El Consejo Interuniversitario Nacional &#8211; CIN &#8211; de Argentina una nota al Subsecretario de Pol\u00edticas Universitarias del Ministerio de Capital Humano de la Naci\u00f3n donde solicita y reclama el flagrante incumplimiento, por parte del Poder Ejecutivo Nacional, de la Ley de Financiamiento Universitario, expresi\u00f3n de uno de los consensos democr\u00e1ticos m\u00e1s amplios alcanzados por el Congreso de la Naci\u00f3n en materia educativa.<\/p>\n<p>Al Sr. Subsecretario de Pol\u00edticas Universitarias<\/p>\n<p>Ministerio de Capital Humano de la Naci\u00f3n<\/p>\n<p>S \/ D<\/p>\n<p>Ref.: Nota NO-2026-42345649-APN-SSPU#MCH<\/p>\n<p>De nuestra mayor consideraci\u00f3n:<\/p>\n<p>Nos dirigimos a usted en representaci\u00f3n del sistema universitario p\u00fablico en nuestro car\u00e1cter de autoridades del Consejo Interuniversitario Nacional (CIN) y en relaci\u00f3n con la nota de referencia, mediante la que esa Subsecretar\u00eda requiere informar, en un plazo perentorio de cuarenta y ocho (48) horas, las medidas institucionales adoptadas para garantizar la continuidad pedag\u00f3gica, el derecho de ense\u00f1ar y aprender y las acciones desarrolladas frente a las medidas de fuerza impulsadas por los sectores docente y nodocente.<\/p>\n<p>En primer t\u00e9rmino, corresponde afirmar con absoluta claridad que las universidades permanecen abiertas, en funcionamiento y plenamente comprometidas con su misi\u00f3n institucional, garantizando \u2014en el marco de sus posibilidades materiales y presupuestarias\u2014 el desarrollo de actividades acad\u00e9micas, administrativas, cient\u00edficas y de extensi\u00f3n, as\u00ed como el sostenimiento del derecho social a la educaci\u00f3n superior p\u00fablica. Sin embargo, toda consideraci\u00f3n seria sobre la situaci\u00f3n actual del sistema universitario exige reconocer el contexto estructural que lo atraviesa: el flagrante incumplimiento, por parte del Poder Ejecutivo Nacional, de la Ley de Financiamiento Universitario, expresi\u00f3n de uno de los consensos democr\u00e1ticos m\u00e1s amplios alcanzados por el Congreso de la Naci\u00f3n en materia educativa. Dicha norma no solo fue aprobada por mayor\u00edas contundentes, sino tambi\u00e9n ratificada por ampl\u00edsimos acuerdos parlamentarios, incluyendo mayor\u00edas calificadas de dos tercios, constituyendo una manifestaci\u00f3n institucional inequ\u00edvoca de la voluntad soberana del Poder Legislativo.<\/p>\n<p>Desconocer o incumplir una ley de semejante legitimidad democr\u00e1tica no constituye un dato menor ni una mera controversia administrativa: implica una alteraci\u00f3n profunda del principio republicano de divisi\u00f3n de poderes y coloca a las universidades nacionales en una situaci\u00f3n de severa restricci\u00f3n financiera, salarial y operativa que impacta directamente sobre las condiciones materiales en las cuales debe garantizarse el derecho constitucional a ense\u00f1ar y aprender.<\/p>\n<p>Por ello, resulta imprescindible se\u00f1alar que cualquier afectaci\u00f3n a la normalidad plena del sistema universitario no puede analizarse de manera aislada ni atribuida unilateralmente a las instituciones universitarias, como si estas fueran responsables originarias del conflicto. La situaci\u00f3n de tensi\u00f3n que atraviesa el sistema deriva, en lo sustancial, del incumplimiento estatal de obligaciones legales expresamente establecidas por el Congreso Nacional.<\/p>\n<p>En ese marco, reafirmamos que el derecho a ense\u00f1ar y a aprender constituye un principio central de nuestra existencia, del mismo modo que lo son la autonom\u00eda universitaria, la autarqu\u00eda y el cogobierno, consagrados por la Constituci\u00f3n Nacional y la Ley de Educaci\u00f3n Superior. La autonom\u00eda universitaria no representa una exenci\u00f3n de responsabilidades, sino la garant\u00eda institucional que permite a las universidades gestionar sus asuntos acad\u00e9micos, administrativos e institucionales conforme con su propio orden normativo, armonizando derechos constitucionales igualmente protegidos, entre ellos, el derecho a ense\u00f1ar y aprender, el derecho a huelga y la libertad acad\u00e9mica.<\/p>\n<p>En consecuencia, las medidas vinculadas con calendarios acad\u00e9micos, modalidades pedag\u00f3gicas, regularidad, evaluaci\u00f3n, reprogramaciones y organizaci\u00f3n institucional se procesan dentro de las competencias de los \u00f3rganos de cogobierno universitario y de las unidades acad\u00e9micas correspondientes, conforme con cada estatuto, sin perjuicio del compromiso permanente de las gestiones por sostener la continuidad pedag\u00f3gica.<\/p>\n<p>Nuestras instituciones continuar\u00e1n, como lo han hecho hist\u00f3ricamente, arbitrando todos los medios a su alcance para preservar la educaci\u00f3n p\u00fablica, asegurar el funcionamiento institucional y garantizar derechos, pero resulta igualmente necesario subrayar que ninguna exigencia de operatividad puede desvincularse de la obligaci\u00f3n primaria e indelegable del Estado nacional de cumplir con el financiamiento legalmente establecido.<\/p>\n<p>Las universidades nacionales no son la causa de esta crisis; son, por el contrario, instituciones que sostienen, con enorme esfuerzo cotidiano de su comunidad, el funcionamiento del sistema aun en un escenario de extrema precariedad como el actual, producto del incumplimiento presupuestario por parte del propio Estado.<\/p>\n<p>Finalmente, las universidades, a trav\u00e9s del Consejo Interuniversitario Nacional, ratifican su disposici\u00f3n al di\u00e1logo institucional, el respeto irrestricto de la Constituci\u00f3n Nacional, de la autonom\u00eda universitaria y de las leyes vigentes; as\u00ed como su convicci\u00f3n de que la defensa de la educaci\u00f3n p\u00fablica exige asumir el cumplimiento efectivo de las obligaciones legales y presupuestarias por parte del Poder Ejecutivo Nacional.<\/p>\n<p>Sin otro particular, saludamos a usted atentamente.<\/p>\n<p>&nbsp;<\/p>\n<p>&nbsp;<\/p>\n<p>&nbsp;<\/p>\n<p style=\"text-align: right;\">Franco Bartolacci<\/p>\n<p style=\"text-align: right;\">Presidente<\/p>\n<p style=\"text-align: right;\">Anselmo Torres<\/p>\n<p style=\"text-align: right;\">Vicepresidente<\/p>\n<p>&nbsp;<\/p>\n<p style=\"text-align: left;\"><img loading=\"lazy\" decoding=\"async\" class=\"alignnone size-full wp-image-39977\" src=\"https:\/\/vocesparalelas.com.ar\/sitio\/wp-content\/uploads\/2021\/07\/CIN-LOGO-1.jpg\" alt=\"\" width=\"800\" height=\"493\" srcset=\"https:\/\/vocesparalelas.com.ar\/sitio\/wp-content\/uploads\/2021\/07\/CIN-LOGO-1.jpg 800w, https:\/\/vocesparalelas.com.ar\/sitio\/wp-content\/uploads\/2021\/07\/CIN-LOGO-1-300x185.jpg 300w, https:\/\/vocesparalelas.com.ar\/sitio\/wp-content\/uploads\/2021\/07\/CIN-LOGO-1-768x473.jpg 768w\" sizes=\"auto, (max-width: 800px) 100vw, 800px\" \/><\/p>\n","protected":false},"excerpt":{"rendered":"<p>El Consejo Interuniversitario Nacional &#8211; CIN &#8211; de Argentina una nota al Subsecretario de Pol\u00edticas Universitarias del Ministerio de Capital<\/p>\n","protected":false},"author":3,"featured_media":98480,"comment_status":"closed","ping_status":"closed","sticky":false,"template":"","format":"standard","meta":{"_acf_changed":false,"_seopress_robots_primary_cat":"none","_seopress_titles_title":"","_seopress_titles_desc":"","_seopress_robots_index":"","colormag_page_container_layout":"default_layout","colormag_page_sidebar_layout":"default_layout","footnotes":""},"categories":[1],"tags":[],"class_list":["post-99318","post","type-post","status-publish","format-standard","has-post-thumbnail","hentry","category-destacadas"],"acf":[],"_links":{"self":[{"href":"https:\/\/vocesparalelas.com.ar\/sitio\/wp-json\/wp\/v2\/posts\/99318","targetHints":{"allow":["GET"]}}],"collection":[{"href":"https:\/\/vocesparalelas.com.ar\/sitio\/wp-json\/wp\/v2\/posts"}],"about":[{"href":"https:\/\/vocesparalelas.com.ar\/sitio\/wp-json\/wp\/v2\/types\/post"}],"author":[{"embeddable":true,"href":"https:\/\/vocesparalelas.com.ar\/sitio\/wp-json\/wp\/v2\/users\/3"}],"replies":[{"embeddable":true,"href":"https:\/\/vocesparalelas.com.ar\/sitio\/wp-json\/wp\/v2\/comments?post=99318"}],"version-history":[{"count":3,"href":"https:\/\/vocesparalelas.com.ar\/sitio\/wp-json\/wp\/v2\/posts\/99318\/revisions"}],"predecessor-version":[{"id":99323,"href":"https:\/\/vocesparalelas.com.ar\/sitio\/wp-json\/wp\/v2\/posts\/99318\/revisions\/99323"}],"wp:featuredmedia":[{"embeddable":true,"href":"https:\/\/vocesparalelas.com.ar\/sitio\/wp-json\/wp\/v2\/media\/98480"}],"wp:attachment":[{"href":"https:\/\/vocesparalelas.com.ar\/sitio\/wp-json\/wp\/v2\/media?parent=99318"}],"wp:term":[{"taxonomy":"category","embeddable":true,"href":"https:\/\/vocesparalelas.com.ar\/sitio\/wp-json\/wp\/v2\/categories?post=99318"},{"taxonomy":"post_tag","embeddable":true,"href":"https:\/\/vocesparalelas.com.ar\/sitio\/wp-json\/wp\/v2\/tags?post=99318"}],"curies":[{"name":"wp","href":"https:\/\/api.w.org\/{rel}","templated":true}]}}