{"id":99314,"date":"2026-04-30T20:17:11","date_gmt":"2026-04-30T23:17:11","guid":{"rendered":"https:\/\/vocesparalelas.com.ar\/sitio\/?p=99314"},"modified":"2026-04-30T20:17:11","modified_gmt":"2026-04-30T23:17:11","slug":"los-empleados-publicos-pueden-descargar-el-recibo-de-sueldo-en-el-cidi-san-juan","status":"publish","type":"post","link":"https:\/\/vocesparalelas.com.ar\/sitio\/los-empleados-publicos-pueden-descargar-el-recibo-de-sueldo-en-el-cidi-san-juan\/","title":{"rendered":"Los Empleados P\u00fablicos pueden descargar el recibo de sueldo en el CIDI San Juan"},"content":{"rendered":"<p>A partir del 1 de Mayo de 2026, los empleados de la Administraci\u00f3n P\u00fablica de San Juan pueden acceder a su recibo de sueldo de manera digital a trav\u00e9s de la plataforma Ciudadano Digital &#8211; CIDI -, disponible para su descarga desde el d\u00eda siguiente a la acreditaci\u00f3n de haberes.<\/p>\n<p>Este cambio representa un avance en la agilizaci\u00f3n de tr\u00e1mites, ya que hasta el momento los recibos se encontraron disponibles varios d\u00edas despu\u00e9s del cobro.<\/p>\n<p>Ciudadano Digital es una plataforma de autogesti\u00f3n online que permite a los usuarios acceder de forma simple y segura a documentaci\u00f3n, tr\u00e1mites y consultas personales, centralizando servicios del Estado en un solo lugar.<\/p>\n<p>&nbsp;<\/p>\n<p><img loading=\"lazy\" decoding=\"async\" class=\"alignnone size-full wp-image-34375\" src=\"https:\/\/vocesparalelas.com.ar\/sitio\/wp-content\/uploads\/2021\/01\/CENTRO-CIVICO-SAN-JUAN.jpg\" alt=\"\" width=\"800\" height=\"450\" srcset=\"https:\/\/vocesparalelas.com.ar\/sitio\/wp-content\/uploads\/2021\/01\/CENTRO-CIVICO-SAN-JUAN.jpg 800w, https:\/\/vocesparalelas.com.ar\/sitio\/wp-content\/uploads\/2021\/01\/CENTRO-CIVICO-SAN-JUAN-300x169.jpg 300w, https:\/\/vocesparalelas.com.ar\/sitio\/wp-content\/uploads\/2021\/01\/CENTRO-CIVICO-SAN-JUAN-768x432.jpg 768w\" sizes=\"auto, (max-width: 800px) 100vw, 800px\" \/><\/p>\n","protected":false},"excerpt":{"rendered":"<p>A partir del 1 de Mayo de 2026, los empleados de la Administraci\u00f3n P\u00fablica de San Juan pueden acceder a<\/p>\n","protected":false},"author":3,"featured_media":81582,"comment_status":"closed","ping_status":"closed","sticky":false,"template":"","format":"standard","meta":{"_acf_changed":false,"_seopress_robots_primary_cat":"none","_seopress_titles_title":"","_seopress_titles_desc":"","_seopress_robots_index":"","colormag_page_container_layout":"default_layout","colormag_page_sidebar_layout":"default_layout","footnotes":""},"categories":[1],"tags":[],"class_list":["post-99314","post","type-post","status-publish","format-standard","has-post-thumbnail","hentry","category-destacadas"],"acf":[],"_links":{"self":[{"href":"https:\/\/vocesparalelas.com.ar\/sitio\/wp-json\/wp\/v2\/posts\/99314","targetHints":{"allow":["GET"]}}],"collection":[{"href":"https:\/\/vocesparalelas.com.ar\/sitio\/wp-json\/wp\/v2\/posts"}],"about":[{"href":"https:\/\/vocesparalelas.com.ar\/sitio\/wp-json\/wp\/v2\/types\/post"}],"author":[{"embeddable":true,"href":"https:\/\/vocesparalelas.com.ar\/sitio\/wp-json\/wp\/v2\/users\/3"}],"replies":[{"embeddable":true,"href":"https:\/\/vocesparalelas.com.ar\/sitio\/wp-json\/wp\/v2\/comments?post=99314"}],"version-history":[{"count":1,"href":"https:\/\/vocesparalelas.com.ar\/sitio\/wp-json\/wp\/v2\/posts\/99314\/revisions"}],"predecessor-version":[{"id":99317,"href":"https:\/\/vocesparalelas.com.ar\/sitio\/wp-json\/wp\/v2\/posts\/99314\/revisions\/99317"}],"wp:featuredmedia":[{"embeddable":true,"href":"https:\/\/vocesparalelas.com.ar\/sitio\/wp-json\/wp\/v2\/media\/81582"}],"wp:attachment":[{"href":"https:\/\/vocesparalelas.com.ar\/sitio\/wp-json\/wp\/v2\/media?parent=99314"}],"wp:term":[{"taxonomy":"category","embeddable":true,"href":"https:\/\/vocesparalelas.com.ar\/sitio\/wp-json\/wp\/v2\/categories?post=99314"},{"taxonomy":"post_tag","embeddable":true,"href":"https:\/\/vocesparalelas.com.ar\/sitio\/wp-json\/wp\/v2\/tags?post=99314"}],"curies":[{"name":"wp","href":"https:\/\/api.w.org\/{rel}","templated":true}]}}