{"id":99308,"date":"2026-04-30T20:07:59","date_gmt":"2026-04-30T23:07:59","guid":{"rendered":"https:\/\/vocesparalelas.com.ar\/sitio\/?p=99308"},"modified":"2026-04-30T20:10:31","modified_gmt":"2026-04-30T23:10:31","slug":"programacion-mayo-2026-en-el-chalet-cantoni-de-san-juan","status":"publish","type":"post","link":"https:\/\/vocesparalelas.com.ar\/sitio\/programacion-mayo-2026-en-el-chalet-cantoni-de-san-juan\/","title":{"rendered":"Programaci\u00f3n \u00abMayo 2026\u00bb en el\u00a0Chalet Cantoni\u00a0de San Juan"},"content":{"rendered":"<p>En su variada programaci\u00f3n 2026, el\u00a0Chalet Cantoni\u00a0incluy\u00f3\u00a0talleres\u00a0y un\u00a0workshop\u00a0para los pr\u00f3ximos d\u00edas de mayo en su espacio ubicado en avenida Libertador 3339 Oeste, Rivadavia.<\/p>\n<ul>\n<li><span style=\"color: #ff6600;\"><strong>Taller \u201cFotograf\u00eda como Instrumento Documental\u201d<\/strong><\/span> se realiza los Jueves 7; 14; 21 y 28 de Mayo a las 17:30 hs. a cargo de Martina Lavia, fot\u00f3grafa freelance y estudiante de la Escuela Nacional de Fotograf\u00eda de Buenos Aires, con diplomas en fotograf\u00eda t\u00e9cnica y documental de la Universidad de San Isidro.<\/li>\n<\/ul>\n<p>La propuesta busca suplir la escasez de archivo hist\u00f3rico moderno en la ciudad de San Juan mediante pr\u00e1cticas grupales de fotograf\u00eda urban\u00edstica, composici\u00f3n, exposici\u00f3n, impresi\u00f3n y edici\u00f3n, con el objetivo de que los alumnos logren un registro documental de la ciudad, concienticen sobre la capacidad art\u00edstica del registro documental y culminen con una exposici\u00f3n en el museo con bit\u00e1cora detallada. Las inscripciones se realizan con este formulario<\/p>\n<p><a href=\"https:\/\/docs.google.com\/forms\/d\/e\/1FAIpQLSd_m1z--IwT4Zs8l38ol3QHQLUZcMz7qu4yIueGB5G_LqODkQ\/viewform\">https:\/\/docs.google.com\/forms\/d\/e\/1FAIpQLSd_m1z&#8211;IwT4Zs8l38ol3QHQLUZcMz7qu4yIueGB5G_LqODkQ\/viewform<\/a><\/p>\n<p>y el costo del arancel es de $25.000.<\/p>\n<ul>\n<li><span style=\"color: #ff6600;\"><strong>Taller de caligraf\u00eda con brushpen,<\/strong> <\/span>el Mi\u00e9rcoles, 6 y 13 de Mayo, a las 17 a 20 hs. Esta actividad es con cupos limitados y gratuitos, a cargo de Panda, dise\u00f1ador gr\u00e1fico, director creativo en Luna &amp; Panda, cal\u00edgrafo, letrista e ilustrador con m\u00e1s de 15 a\u00f1os de experiencia, docente de Tipograf\u00eda en la Universidad Champagnat y en la Facultad de Arquitectura y Dise\u00f1o de la UNSJ.<\/li>\n<\/ul>\n<p>En este proceso, la caligraf\u00eda cobra vital importancia en un mundo donde lo digital ocupa un lugar central, permitiendo desarrollar una escritura correcta y la creaci\u00f3n de piezas gr\u00e1ficas aut\u00e9nticas.<\/p>\n<p>Cabe destacar que este taller est\u00e1 dirigido a participantes desde los 14 a\u00f1os, quienes no requieren conocimientos previos y contar\u00e1n con parte del material para desarrollar la actividad. Las inscripciones se realizan a trav\u00e9s de este\u00a0formulario<\/p>\n<p><a href=\"https:\/\/forms.gle\/Ufet92yp95w3uLF28\">https:\/\/forms.gle\/Ufet92yp95w3uLF28<\/a><\/p>\n<ul>\n<li><strong><span style=\"color: #ff6600;\">Workshop de Empleabilidad &amp; Networking<\/span><\/strong>, el 12 de Mayo, a las 11:30 hs,\u00a0una propuesta pensada para quienes buscan destacarse, conectar y generar nuevas oportunidades laborales. El encuentro propondr\u00e1 un espacio din\u00e1mico de formaci\u00f3n e intercambio orientado al desarrollo profesional. Durante la jornada se trabajar\u00e1n ejes principales como el armado de CV, portales de empleo y marca personal.<\/li>\n<\/ul>\n<p>La capacitaci\u00f3n est\u00e1 a cargo de los Licenciados Tom\u00e1s Moreno y Macarena Moyano, quienes guian a los participantes con su experiencia en empleabilidad y desarrollo profesional. El taller es arancelado, con un valor de $20.000, y cupos limitados.\u00a0 Las inscripciones se encuentran abiertas y pueden realizarse al tel\u00e9fono 2645651667.<\/p>\n<p>&nbsp;<\/p>\n<figure id=\"attachment_74110\" aria-describedby=\"caption-attachment-74110\" style=\"width: 800px\" class=\"wp-caption alignnone\"><img loading=\"lazy\" decoding=\"async\" class=\"size-full wp-image-74110\" src=\"https:\/\/vocesparalelas.com.ar\/sitio\/wp-content\/uploads\/2024\/06\/CHALET-CANTONI-01.jpg\" alt=\"\" width=\"800\" height=\"450\" srcset=\"https:\/\/vocesparalelas.com.ar\/sitio\/wp-content\/uploads\/2024\/06\/CHALET-CANTONI-01.jpg 800w, https:\/\/vocesparalelas.com.ar\/sitio\/wp-content\/uploads\/2024\/06\/CHALET-CANTONI-01-300x169.jpg 300w, https:\/\/vocesparalelas.com.ar\/sitio\/wp-content\/uploads\/2024\/06\/CHALET-CANTONI-01-768x432.jpg 768w\" sizes=\"auto, (max-width: 800px) 100vw, 800px\" \/><figcaption id=\"caption-attachment-74110\" class=\"wp-caption-text\">Chalet Cantoni, Departamento Rivadavia, Provincia San Juan, Rep\u00fablica Argentita<\/figcaption><\/figure>\n<p>&nbsp;<\/p>\n","protected":false},"excerpt":{"rendered":"<p>En su variada programaci\u00f3n 2026, el\u00a0Chalet Cantoni\u00a0incluy\u00f3\u00a0talleres\u00a0y un\u00a0workshop\u00a0para los pr\u00f3ximos d\u00edas de mayo en su espacio ubicado en avenida Libertador<\/p>\n","protected":false},"author":3,"featured_media":77863,"comment_status":"closed","ping_status":"closed","sticky":false,"template":"","format":"standard","meta":{"_acf_changed":false,"_seopress_robots_primary_cat":"none","_seopress_titles_title":"","_seopress_titles_desc":"","_seopress_robots_index":"","colormag_page_container_layout":"default_layout","colormag_page_sidebar_layout":"default_layout","footnotes":""},"categories":[1],"tags":[],"class_list":["post-99308","post","type-post","status-publish","format-standard","has-post-thumbnail","hentry","category-destacadas"],"acf":[],"_links":{"self":[{"href":"https:\/\/vocesparalelas.com.ar\/sitio\/wp-json\/wp\/v2\/posts\/99308","targetHints":{"allow":["GET"]}}],"collection":[{"href":"https:\/\/vocesparalelas.com.ar\/sitio\/wp-json\/wp\/v2\/posts"}],"about":[{"href":"https:\/\/vocesparalelas.com.ar\/sitio\/wp-json\/wp\/v2\/types\/post"}],"author":[{"embeddable":true,"href":"https:\/\/vocesparalelas.com.ar\/sitio\/wp-json\/wp\/v2\/users\/3"}],"replies":[{"embeddable":true,"href":"https:\/\/vocesparalelas.com.ar\/sitio\/wp-json\/wp\/v2\/comments?post=99308"}],"version-history":[{"count":3,"href":"https:\/\/vocesparalelas.com.ar\/sitio\/wp-json\/wp\/v2\/posts\/99308\/revisions"}],"predecessor-version":[{"id":99313,"href":"https:\/\/vocesparalelas.com.ar\/sitio\/wp-json\/wp\/v2\/posts\/99308\/revisions\/99313"}],"wp:featuredmedia":[{"embeddable":true,"href":"https:\/\/vocesparalelas.com.ar\/sitio\/wp-json\/wp\/v2\/media\/77863"}],"wp:attachment":[{"href":"https:\/\/vocesparalelas.com.ar\/sitio\/wp-json\/wp\/v2\/media?parent=99308"}],"wp:term":[{"taxonomy":"category","embeddable":true,"href":"https:\/\/vocesparalelas.com.ar\/sitio\/wp-json\/wp\/v2\/categories?post=99308"},{"taxonomy":"post_tag","embeddable":true,"href":"https:\/\/vocesparalelas.com.ar\/sitio\/wp-json\/wp\/v2\/tags?post=99308"}],"curies":[{"name":"wp","href":"https:\/\/api.w.org\/{rel}","templated":true}]}}