{"id":99298,"date":"2026-04-30T12:08:57","date_gmt":"2026-04-30T15:08:57","guid":{"rendered":"https:\/\/vocesparalelas.com.ar\/sitio\/?p=99298"},"modified":"2026-04-30T12:08:57","modified_gmt":"2026-04-30T15:08:57","slug":"se-refuerza-el-operativo-de-control-de-la-policia-de-san-juan","status":"publish","type":"post","link":"https:\/\/vocesparalelas.com.ar\/sitio\/se-refuerza-el-operativo-de-control-de-la-policia-de-san-juan\/","title":{"rendered":"Se refuerza el operativo de control de la Polic\u00eda de San Juan"},"content":{"rendered":"<p>En el marco del fin de semana por el D\u00eda del Trabajador, la Secretar\u00eda de Estado de Seguridad y Orden P\u00fablico del Gobierno de San Juan, a trav\u00e9s de la Polic\u00eda de San Juan, dispuso un operativo especial de seguridad con m\u00e1s de 400 efectivos en todo el territorio.<\/p>\n<p>El despliegue se realiza desde el Jueves, 30 de Abril, en puntos estrat\u00e9gicos, con el objetivo de prevenir delitos y garantizar la tranquilidad de vecinos y visitantes.<\/p>\n<p>La Direcci\u00f3n D3 reforzar\u00e1 el radio c\u00e9ntrico con la presencia del Cuerpo Especial de Vigilancia y el grupo Raptor de bicicletas. Adem\u00e1s, en el Parque de Mayo hay controles con brigada femenina y personal del Comando Urbano, mientras que en el Gran San Juan avanza el operativo Barrios Seguros.<\/p>\n<p>Por su parte, la Direcci\u00f3n D7 implementar\u00e1 controles viales en los principales accesos y rutas de la provincia. All\u00ed se realizar\u00e1n test de alcoholemia y se exige la documentaci\u00f3n obligatoria, como licencia de conducir, seguro y revisi\u00f3n t\u00e9cnica.<\/p>\n<p>Tambi\u00e9n, se controlar\u00e1 el uso del cintur\u00f3n de seguridad en autos y casco en motocicletas. A este despliegue se suma la labor de la Direcci\u00f3n D8 junto al CISEM, que realizar\u00e1 el monitoreo permanente a trav\u00e9s del sistema de c\u00e1maras en toda la provincia.<\/p>\n<p>La seguridad es un compromiso de todos, por eso se continuar\u00e1 trabajando para que tanto sanjuaninos como turistas disfruten de esta fecha con tranquilidad.<\/p>\n<p><img loading=\"lazy\" decoding=\"async\" class=\"alignnone size-full wp-image-59001\" src=\"https:\/\/vocesparalelas.com.ar\/sitio\/wp-content\/uploads\/2023\/05\/POLICIA-LOGO.jpg\" alt=\"\" width=\"800\" height=\"600\" srcset=\"https:\/\/vocesparalelas.com.ar\/sitio\/wp-content\/uploads\/2023\/05\/POLICIA-LOGO.jpg 800w, https:\/\/vocesparalelas.com.ar\/sitio\/wp-content\/uploads\/2023\/05\/POLICIA-LOGO-300x225.jpg 300w, https:\/\/vocesparalelas.com.ar\/sitio\/wp-content\/uploads\/2023\/05\/POLICIA-LOGO-768x576.jpg 768w\" sizes=\"auto, (max-width: 800px) 100vw, 800px\" \/><\/p>\n","protected":false},"excerpt":{"rendered":"<p>En el marco del fin de semana por el D\u00eda del Trabajador, la Secretar\u00eda de Estado de Seguridad y Orden<\/p>\n","protected":false},"author":3,"featured_media":80912,"comment_status":"closed","ping_status":"closed","sticky":false,"template":"","format":"standard","meta":{"_acf_changed":false,"_seopress_robots_primary_cat":"none","_seopress_titles_title":"","_seopress_titles_desc":"","_seopress_robots_index":"","colormag_page_container_layout":"default_layout","colormag_page_sidebar_layout":"default_layout","footnotes":""},"categories":[1],"tags":[],"class_list":["post-99298","post","type-post","status-publish","format-standard","has-post-thumbnail","hentry","category-destacadas"],"acf":[],"_links":{"self":[{"href":"https:\/\/vocesparalelas.com.ar\/sitio\/wp-json\/wp\/v2\/posts\/99298","targetHints":{"allow":["GET"]}}],"collection":[{"href":"https:\/\/vocesparalelas.com.ar\/sitio\/wp-json\/wp\/v2\/posts"}],"about":[{"href":"https:\/\/vocesparalelas.com.ar\/sitio\/wp-json\/wp\/v2\/types\/post"}],"author":[{"embeddable":true,"href":"https:\/\/vocesparalelas.com.ar\/sitio\/wp-json\/wp\/v2\/users\/3"}],"replies":[{"embeddable":true,"href":"https:\/\/vocesparalelas.com.ar\/sitio\/wp-json\/wp\/v2\/comments?post=99298"}],"version-history":[{"count":1,"href":"https:\/\/vocesparalelas.com.ar\/sitio\/wp-json\/wp\/v2\/posts\/99298\/revisions"}],"predecessor-version":[{"id":99301,"href":"https:\/\/vocesparalelas.com.ar\/sitio\/wp-json\/wp\/v2\/posts\/99298\/revisions\/99301"}],"wp:featuredmedia":[{"embeddable":true,"href":"https:\/\/vocesparalelas.com.ar\/sitio\/wp-json\/wp\/v2\/media\/80912"}],"wp:attachment":[{"href":"https:\/\/vocesparalelas.com.ar\/sitio\/wp-json\/wp\/v2\/media?parent=99298"}],"wp:term":[{"taxonomy":"category","embeddable":true,"href":"https:\/\/vocesparalelas.com.ar\/sitio\/wp-json\/wp\/v2\/categories?post=99298"},{"taxonomy":"post_tag","embeddable":true,"href":"https:\/\/vocesparalelas.com.ar\/sitio\/wp-json\/wp\/v2\/tags?post=99298"}],"curies":[{"name":"wp","href":"https:\/\/api.w.org\/{rel}","templated":true}]}}