{"id":99288,"date":"2026-04-29T23:46:22","date_gmt":"2026-04-30T02:46:22","guid":{"rendered":"https:\/\/vocesparalelas.com.ar\/sitio\/?p=99288"},"modified":"2026-04-29T23:46:22","modified_gmt":"2026-04-30T02:46:22","slug":"jornada-higiene-y-seguridad-en-el-trabajo-en-la-fi-de-la-unsj-2","status":"publish","type":"post","link":"https:\/\/vocesparalelas.com.ar\/sitio\/jornada-higiene-y-seguridad-en-el-trabajo-en-la-fi-de-la-unsj-2\/","title":{"rendered":"Jornada \u00abHigiene y Seguridad en el Trabajo\u00bb en la FI de la UNSJ"},"content":{"rendered":"<p>En el Aula Magna del Departamento de Ingenier\u00eda de Minas de la Facultad de Ingenier\u00eda de la Universidad Nacional de San Juan se desarroll\u00f3 la Jornada \u00abHigiene y Seguridad en el Trabajo\u00bb.<\/p>\n<p><img loading=\"lazy\" decoding=\"async\" class=\"alignnone size-full wp-image-99294\" src=\"https:\/\/vocesparalelas.com.ar\/sitio\/wp-content\/uploads\/2026\/04\/FI-UNSJ-HIGIENE-03.jpg\" alt=\"\" width=\"800\" height=\"450\" srcset=\"https:\/\/vocesparalelas.com.ar\/sitio\/wp-content\/uploads\/2026\/04\/FI-UNSJ-HIGIENE-03.jpg 800w, https:\/\/vocesparalelas.com.ar\/sitio\/wp-content\/uploads\/2026\/04\/FI-UNSJ-HIGIENE-03-300x169.jpg 300w, https:\/\/vocesparalelas.com.ar\/sitio\/wp-content\/uploads\/2026\/04\/FI-UNSJ-HIGIENE-03-768x432.jpg 768w\" sizes=\"auto, (max-width: 800px) 100vw, 800px\" \/><\/p>\n<p>En este contexto, Voces Paralelas desarroll\u00f3 la entrevista period\u00edstica al Lic. Maximiliano Moreno, unos de los integrantes de organizar la propuesta para evitar accidentes laborales, quien explic\u00f3 lo que significa tener en cuenta los cuidados y reglamentaci\u00f3n que debe tener presente el trabajador seg\u00fan su especialidad.<\/p>\n<p><iframe loading=\"lazy\" title=\"FI UNSJ LIC. MAXIMILIANO MORENO\" width=\"800\" height=\"450\" src=\"https:\/\/www.youtube.com\/embed\/7p6ENoB5R8s?feature=oembed\" frameborder=\"0\" allow=\"accelerometer; autoplay; clipboard-write; encrypted-media; gyroscope; picture-in-picture; web-share\" referrerpolicy=\"strict-origin-when-cross-origin\" allowfullscreen><\/iframe><\/p>\n<p>&nbsp;<\/p>\n<p><img loading=\"lazy\" decoding=\"async\" class=\"alignnone size-large wp-image-99293 aligncenter\" src=\"https:\/\/vocesparalelas.com.ar\/sitio\/wp-content\/uploads\/2026\/04\/FI-UNSJ-HIGIENE-02-634x800.jpg\" alt=\"\" width=\"634\" height=\"800\" srcset=\"https:\/\/vocesparalelas.com.ar\/sitio\/wp-content\/uploads\/2026\/04\/FI-UNSJ-HIGIENE-02-634x800.jpg 634w, https:\/\/vocesparalelas.com.ar\/sitio\/wp-content\/uploads\/2026\/04\/FI-UNSJ-HIGIENE-02-238x300.jpg 238w, https:\/\/vocesparalelas.com.ar\/sitio\/wp-content\/uploads\/2026\/04\/FI-UNSJ-HIGIENE-02-768x970.jpg 768w, https:\/\/vocesparalelas.com.ar\/sitio\/wp-content\/uploads\/2026\/04\/FI-UNSJ-HIGIENE-02.jpg 800w\" sizes=\"auto, (max-width: 634px) 100vw, 634px\" \/><\/p>\n<p>&nbsp;<\/p>\n<p><iframe loading=\"lazy\" title=\"FI UNSJ TRABAJO E HIGIENE\" width=\"563\" height=\"1000\" src=\"https:\/\/www.youtube.com\/embed\/WkSlb8pG554?feature=oembed\" frameborder=\"0\" allow=\"accelerometer; autoplay; clipboard-write; encrypted-media; gyroscope; picture-in-picture; web-share\" referrerpolicy=\"strict-origin-when-cross-origin\" allowfullscreen><\/iframe><\/p>\n<p>&nbsp;<\/p>\n<p><img loading=\"lazy\" decoding=\"async\" class=\"alignnone size-full wp-image-27222\" src=\"https:\/\/vocesparalelas.com.ar\/sitio\/wp-content\/uploads\/2020\/03\/FI-UNSJ-FRENTE-ACTUAL.jpg\" alt=\"\" width=\"800\" height=\"600\" srcset=\"https:\/\/vocesparalelas.com.ar\/sitio\/wp-content\/uploads\/2020\/03\/FI-UNSJ-FRENTE-ACTUAL.jpg 800w, https:\/\/vocesparalelas.com.ar\/sitio\/wp-content\/uploads\/2020\/03\/FI-UNSJ-FRENTE-ACTUAL-300x225.jpg 300w, https:\/\/vocesparalelas.com.ar\/sitio\/wp-content\/uploads\/2020\/03\/FI-UNSJ-FRENTE-ACTUAL-768x576.jpg 768w\" sizes=\"auto, (max-width: 800px) 100vw, 800px\" \/><\/p>\n<p>&nbsp;<\/p>\n","protected":false},"excerpt":{"rendered":"<p>En el Aula Magna del Departamento de Ingenier\u00eda de Minas de la Facultad de Ingenier\u00eda de la Universidad Nacional de<\/p>\n","protected":false},"author":3,"featured_media":99292,"comment_status":"closed","ping_status":"closed","sticky":false,"template":"","format":"standard","meta":{"_acf_changed":false,"_seopress_robots_primary_cat":"none","_seopress_titles_title":"","_seopress_titles_desc":"","_seopress_robots_index":"","colormag_page_container_layout":"default_layout","colormag_page_sidebar_layout":"default_layout","footnotes":""},"categories":[1,7],"tags":[],"class_list":["post-99288","post","type-post","status-publish","format-standard","has-post-thumbnail","hentry","category-destacadas","category-videos"],"acf":[],"_links":{"self":[{"href":"https:\/\/vocesparalelas.com.ar\/sitio\/wp-json\/wp\/v2\/posts\/99288","targetHints":{"allow":["GET"]}}],"collection":[{"href":"https:\/\/vocesparalelas.com.ar\/sitio\/wp-json\/wp\/v2\/posts"}],"about":[{"href":"https:\/\/vocesparalelas.com.ar\/sitio\/wp-json\/wp\/v2\/types\/post"}],"author":[{"embeddable":true,"href":"https:\/\/vocesparalelas.com.ar\/sitio\/wp-json\/wp\/v2\/users\/3"}],"replies":[{"embeddable":true,"href":"https:\/\/vocesparalelas.com.ar\/sitio\/wp-json\/wp\/v2\/comments?post=99288"}],"version-history":[{"count":1,"href":"https:\/\/vocesparalelas.com.ar\/sitio\/wp-json\/wp\/v2\/posts\/99288\/revisions"}],"predecessor-version":[{"id":99295,"href":"https:\/\/vocesparalelas.com.ar\/sitio\/wp-json\/wp\/v2\/posts\/99288\/revisions\/99295"}],"wp:featuredmedia":[{"embeddable":true,"href":"https:\/\/vocesparalelas.com.ar\/sitio\/wp-json\/wp\/v2\/media\/99292"}],"wp:attachment":[{"href":"https:\/\/vocesparalelas.com.ar\/sitio\/wp-json\/wp\/v2\/media?parent=99288"}],"wp:term":[{"taxonomy":"category","embeddable":true,"href":"https:\/\/vocesparalelas.com.ar\/sitio\/wp-json\/wp\/v2\/categories?post=99288"},{"taxonomy":"post_tag","embeddable":true,"href":"https:\/\/vocesparalelas.com.ar\/sitio\/wp-json\/wp\/v2\/tags?post=99288"}],"curies":[{"name":"wp","href":"https:\/\/api.w.org\/{rel}","templated":true}]}}