{"id":99284,"date":"2026-04-29T23:08:56","date_gmt":"2026-04-30T02:08:56","guid":{"rendered":"https:\/\/vocesparalelas.com.ar\/sitio\/?p=99284"},"modified":"2026-04-30T23:07:43","modified_gmt":"2026-05-01T02:07:43","slug":"xxxi-feria-internacional-de-artesanias-de-san-juan","status":"publish","type":"post","link":"https:\/\/vocesparalelas.com.ar\/sitio\/xxxi-feria-internacional-de-artesanias-de-san-juan\/","title":{"rendered":"XXXI Feria Internacional de Artesan\u00edas de San Juan"},"content":{"rendered":"<div class=\"itemImageBlock\">\n<div class=\"clr\">Del 30 de Abril al 10 de Mayo,\u00a0San Juan es escenario de uno de los eventos culturales m\u00e1s importantes de la regi\u00f3n: la\u00a0XXXI Feria Internacional de Artesan\u00edas, en el Costanera Complejo Ferial, de 16 a 22 hs.<\/div>\n<\/div>\n<div class=\"itemFullText\">\n<p>Con m\u00e1s de tres d\u00e9cadas de trayectoria, esta feria es uno de los eventos emblem\u00e1ticos de la cultura, creciendo a\u00f1o tras a\u00f1o tanto en convocatoria como en calidad y diversidad de propuestas.<\/p>\n<p>En esta edici\u00f3n, cuenta con la participaci\u00f3n de m\u00e1s de 300 expositores provenientes de distintos puntos del pa\u00eds y del mundo, ofreciendo y promoviendo el encuentro entre culturas, saberes y tradiciones.<\/p>\n<p>La propuesta se completa con un patio gastron\u00f3mico, un sector infantil y m\u00faltiples actividades pensadas para la familia.<\/p>\n<p>El evento cuenta con el acompa\u00f1amiento del\u00a0Gobierno de San Juan\u00a0a trav\u00e9s del Ministerio de Turismo, Cultura y Deporte, que impulsa esta iniciativa con el objetivo de fortalecer el desarrollo cultural, el trabajo artesanal y la identidad local.<\/p>\n<p>Uno de los espacios destacados es la carpa \u201cRuta Artesanal de San Juan 2026\u201d, coordinada y planificada por el Mercado Artesanal Tradicional Luisa Escudero. Est\u00e1n representados los 19 departamentos de la provincia, en un espacio que pone en valor el trabajo de los artesanos de San Juan. Desde la organizaci\u00f3n, se acompa\u00f1a a cada delegaci\u00f3n, brindando asesoramiento y garantizando las condiciones necesarias para su participaci\u00f3n, en un rol de anfitriones que refuerza el esp\u00edritu federal de la propuesta.<\/p>\n<p>Como parte de las actividades, el 30 de Abril se realiza la selecci\u00f3n de piezas artesanales a cargo de un jurado especializado, que recorrer\u00e1 la totalidad de la feria. Posteriormente, el martes 5 de mayo a las 19 h, se llevar\u00e1 a cabo la premiaci\u00f3n de las obras destacadas. Las piezas seleccionadas ser\u00e1n adquiridas por el Gobierno de San Juan, a trav\u00e9s del Ministerio de Turismo, Cultura y Deporte, reconociendo tanto a artesanos locales como de otras provincias.<\/p>\n<p>La feria tambi\u00e9n cuenta con presentaciones de m\u00fasicos y bailarines de los departamentos Albard\u00f3n, Chimbas, Iglesia, Valle F\u00e9rtil, Capital y Santa Luc\u00eda, a partir de las 21 hs.<\/p>\n<p>De esta manera, la XXXI Feria Internacional de Artesan\u00edas es considerada un lugar como una vidriera de la producci\u00f3n cultural, un espacio de intercambio y una celebraci\u00f3n de la identidad local.<\/p>\n<\/div>\n<p><img loading=\"lazy\" decoding=\"async\" class=\"alignnone size-full wp-image-48566\" src=\"https:\/\/vocesparalelas.com.ar\/sitio\/wp-content\/uploads\/2022\/05\/FERIA-ARTESANIAS-01.jpg\" alt=\"\" width=\"800\" height=\"495\" srcset=\"https:\/\/vocesparalelas.com.ar\/sitio\/wp-content\/uploads\/2022\/05\/FERIA-ARTESANIAS-01.jpg 800w, https:\/\/vocesparalelas.com.ar\/sitio\/wp-content\/uploads\/2022\/05\/FERIA-ARTESANIAS-01-300x186.jpg 300w, https:\/\/vocesparalelas.com.ar\/sitio\/wp-content\/uploads\/2022\/05\/FERIA-ARTESANIAS-01-768x475.jpg 768w\" sizes=\"auto, (max-width: 800px) 100vw, 800px\" \/><\/p>\n","protected":false},"excerpt":{"rendered":"<p>Del 30 de Abril al 10 de Mayo,\u00a0San Juan es escenario de uno de los eventos culturales m\u00e1s importantes de<\/p>\n","protected":false},"author":3,"featured_media":48541,"comment_status":"closed","ping_status":"closed","sticky":false,"template":"","format":"standard","meta":{"_acf_changed":false,"_seopress_robots_primary_cat":"none","_seopress_titles_title":"","_seopress_titles_desc":"","_seopress_robots_index":"","colormag_page_container_layout":"default_layout","colormag_page_sidebar_layout":"default_layout","footnotes":""},"categories":[6],"tags":[],"class_list":["post-99284","post","type-post","status-publish","format-standard","has-post-thumbnail","hentry","category-eventos"],"acf":[],"_links":{"self":[{"href":"https:\/\/vocesparalelas.com.ar\/sitio\/wp-json\/wp\/v2\/posts\/99284","targetHints":{"allow":["GET"]}}],"collection":[{"href":"https:\/\/vocesparalelas.com.ar\/sitio\/wp-json\/wp\/v2\/posts"}],"about":[{"href":"https:\/\/vocesparalelas.com.ar\/sitio\/wp-json\/wp\/v2\/types\/post"}],"author":[{"embeddable":true,"href":"https:\/\/vocesparalelas.com.ar\/sitio\/wp-json\/wp\/v2\/users\/3"}],"replies":[{"embeddable":true,"href":"https:\/\/vocesparalelas.com.ar\/sitio\/wp-json\/wp\/v2\/comments?post=99284"}],"version-history":[{"count":1,"href":"https:\/\/vocesparalelas.com.ar\/sitio\/wp-json\/wp\/v2\/posts\/99284\/revisions"}],"predecessor-version":[{"id":99287,"href":"https:\/\/vocesparalelas.com.ar\/sitio\/wp-json\/wp\/v2\/posts\/99284\/revisions\/99287"}],"wp:featuredmedia":[{"embeddable":true,"href":"https:\/\/vocesparalelas.com.ar\/sitio\/wp-json\/wp\/v2\/media\/48541"}],"wp:attachment":[{"href":"https:\/\/vocesparalelas.com.ar\/sitio\/wp-json\/wp\/v2\/media?parent=99284"}],"wp:term":[{"taxonomy":"category","embeddable":true,"href":"https:\/\/vocesparalelas.com.ar\/sitio\/wp-json\/wp\/v2\/categories?post=99284"},{"taxonomy":"post_tag","embeddable":true,"href":"https:\/\/vocesparalelas.com.ar\/sitio\/wp-json\/wp\/v2\/tags?post=99284"}],"curies":[{"name":"wp","href":"https:\/\/api.w.org\/{rel}","templated":true}]}}