{"id":99272,"date":"2026-04-29T18:34:29","date_gmt":"2026-04-29T21:34:29","guid":{"rendered":"https:\/\/vocesparalelas.com.ar\/sitio\/?p=99272"},"modified":"2026-04-29T18:34:29","modified_gmt":"2026-04-29T21:34:29","slug":"2-sesion-del-periodo-ordinario-de-la-camara-de-diputados-de-san-juan","status":"publish","type":"post","link":"https:\/\/vocesparalelas.com.ar\/sitio\/2-sesion-del-periodo-ordinario-de-la-camara-de-diputados-de-san-juan\/","title":{"rendered":"2\u00b0 Sesi\u00f3n del Periodo Ordinario de la C\u00e1mara de Diputados de San Juan"},"content":{"rendered":"<p>La C\u00e1mara de Diputados de San Juan celebra la Segunda Sesi\u00f3n el Jueves, 30 de Abril, a las 9.30 horas. Puede seguir la transmisi\u00f3n en vivo a trav\u00e9s del sitio informativo oficial<\/p>\n<p><a href=\"http:\/\/www.diputadossanjuan.gob.ar\">http:\/\/www.diputadossanjuan.gob.ar<\/a><\/p>\n<p>o por el canal de YouTube de la Legislatura<\/p>\n<p><a href=\"https:\/\/www.youtube.com\/live\/rfuISWfBTqA?si=M-LjDfNgGGkYhqY2\">https:\/\/www.youtube.com\/live\/rfuISWfBTqA?si=M-LjDfNgGGkYhqY2<\/a><\/p>\n<p><strong><span style=\"color: #800080;\">Temario<\/span><\/strong><\/p>\n<p><strong><span style=\"color: #800080;\">C\u00e1maras de vigilancia-seguridad en 25 de Mayo<\/span><\/strong><\/p>\n<p>Con despacho favorable en la Comisi\u00f3n de Justicia y Seguridad, el cuerpo legislativo pondr\u00e1 a consideraci\u00f3n el Proyecto de Comunicaci\u00f3n presentado por el bloque Justicialista, por el que se solicita al Poder Ejecutivo que a trav\u00e9s de la secretaria de Estado de Seguridad y Orden P\u00fablico arbitre los medios necesarios para dotar equipamiento y puesta en funcionamiento de c\u00e1maras de vigilancia-seguridad al Departamento 25 de Mayo, mediante Cisem (Centro Integral de Seguridad Emergencia y Monitoreo 911) para que brinde respuesta ante situaciones urbanas civiles y viales, siendo de gran importancia para su comunidad.<\/p>\n<p><strong><span style=\"color: #800080;\">Convenio con la firma Glencore Pach\u00f3n<\/span><\/strong><\/p>\n<p>Tras el despacho favorable de las comisiones de Desarrollo Humano y Laboral y Legislaci\u00f3n y Asuntos Constitucionales, los legisladores tratar\u00e1n un convenio Marco de Asistencia y Cooperaci\u00f3n celebrado el 28 de octubre del 2025, entre el Gobierno de la provincia de San Juan a trav\u00e9s del Ministerio de Familia y Desarrollo Humano y la firma Glencore Pach\u00f3n SA: el que tiene por objeto establecer relaciones de cooperaci\u00f3n y de asistencia de car\u00e1cter estructural, organizativo y financiero, con el fin de promover el desarrollo integral de la comunidad de Calingasta mediante la articulaci\u00f3n de acciones conjuntas tendientes a mejorar la calidad de vida, la inclusi\u00f3n social y el acceso equitativo a oportunidades educativas, culturales y sociales; adem\u00e1s de fomentar la cooperaci\u00f3n interinstitucional para la implementaci\u00f3n y seguimiento de proyectos que fortalezcan el tejido social, potenciando capacidades locales y contribuyendo con la sostenibilidad y bienestar de las familias y comunidades del Departamento.<\/p>\n<p><strong><span style=\"color: #800080;\">Equipos T\u00e9cnicos del Programa Dispositivos del \u00c1rea G\u00e9nero<\/span><\/strong><\/p>\n<p>Con despacho favorable en las comisiones de Legislaci\u00f3n y Asuntos Constitucionales; Desarrollo Humano y Laboral; y Mujer, G\u00e9nero y Diversidad, el cuerpo legislativo someter\u00e1 a votaci\u00f3n, un proyecto del Poder Ejecutivo, mediante el cual se aprueban los Convenios celebrados entre el Ministerio de Familia y Desarrollo Humano de la Provincia; y cada uno de los diecinueve (19) municipios de San Juan, en el marco de la conformaci\u00f3n de los Equipos T\u00e9cnicos del Programa Dispositivos del \u00c1rea G\u00e9nero para el a\u00f1o 2026.<\/p>\n<p>Estos acuerdos tienen por finalidad la implementaci\u00f3n del Dispositivo del \u00c1rea G\u00e9nero, con el objeto de promover, en todo el territorio provincial la aplicaci\u00f3n de pol\u00edticas p\u00fablicas activas con perspectiva de g\u00e9nero y diversidad, orientadas a favorecer el desarrollo de la autonom\u00eda personal, econ\u00f3mica, social, pol\u00edtica y cultural de las mujeres y de la poblaci\u00f3n LGBTIQ+.<\/p>\n<p><strong><span style=\"color: #800080;\">Modificaci\u00f3n del R\u00e9gimen General del Personal Policial\u00a0<\/span><\/strong><\/p>\n<p>Tras el despacho favorable en las comisiones de Legislaci\u00f3n y Asuntos Constitucionales; y Justicia y Seguridad, la Legislatura tratar\u00e1 la comunicaci\u00f3n oficial del Poder Ejecutivo, mediante la cual se propone sustituir el art\u00edculo 48 de la Ley N\u00b0 298-R, R\u00e9gimen General del Personal Policial de la provincia de San Juan.<\/p>\n<p>De esta manera el texto del art\u00edculo quedar\u00e1 redactado de la siguiente forma:<\/p>\n<p>\u00abART\u00cdCULO 48.- \u00a0La sanci\u00f3n de suspensi\u00f3n por un plazo mayor a siete (7) d\u00edas produce la inhabilitaci\u00f3n para la realizaci\u00f3n de servicios adicionales por el t\u00e9rmino de quince (15) d\u00edas. El plazo de inhabilitaci\u00f3n se computa desde el cumplimiento efectivo de la sanci\u00f3n.\u00bb<\/p>\n<p>En este sentido, se propone derogar las disposiciones reglamentarias que se opongan a la nueva ley.<\/p>\n<p><strong><span style=\"color: #800080;\">Consolidaci\u00f3n de las normas sancionadas en 2025<\/span><\/strong><\/p>\n<p>Asimismo, la C\u00e1mara pondr\u00e1 a consideraci\u00f3n el informe t\u00e9cnico presentado por la Comisi\u00f3n Permanente, con despacho en la comisi\u00f3n de Legislaci\u00f3n y Asuntos Constitucionales, mediante el cual se consolida las normas sancionadas durante el periodo 2025.<\/p>\n<p>El art\u00edculo primero de la Ley establece que se consolidan e incorporan al Digesto Jur\u00eddico de la Provincia de San Juan, Ley N\u00b0 1260-E, anexo I: Las leyes sancionadas desde el 1 de enero al 31 de diciembre del a\u00f1o 2025 que fueron publicadas hasta el 31 de enero del a\u00f1o 2026 y todas aquellas que fueron afectadas por \u00e9stas. Las leyes que fueron sancionadas en periodos legislativos anteriores al a\u00f1o 2025 y publicadas hasta el 31 de enero de 2026 y todas aquellas que fueron afectadas por estas.<\/p>\n<p><span style=\"color: #800080;\"><strong>D\u00eda Provincial de Lucha contra el Bullying<\/strong><\/span><\/p>\n<p>Con despacho en las comisiones de Legislaci\u00f3n y Asuntos Constitucionales y Educaci\u00f3n, Ciencia, T\u00e9cnica y Cultura, la Legislatura tratar\u00e1 el Proyecto de Ley presentado por el interbloque Cambia San Juan, por el que se instituye el d\u00eda 2 de mayo de cada a\u00f1o como D\u00eda Provincial de Lucha contra el Bullying, con el fin de crear conciencia e informar a la poblaci\u00f3n sobre la lucha contra el acoso escolar.<\/p>\n<p><span style=\"color: #800080;\"><strong>Imposici\u00f3n de nombres a escuelas de Nivel Inicial en los Departametos Chimbas y Rivadavia<\/strong><\/span><\/p>\n<p>Por otra parte, el cuerpo legislativo tratar\u00e1 dos proyectos de Ley con despacho favorable en las comisiones de Educaci\u00f3n, Ciencia, T\u00e9cnica y Cultura y Peticiones y Poderes, que proponen imponer los siguientes nombres a instituciones educativas:<\/p>\n<ul>\n<li>El Hornero, a la escuela de Nivel Inicial N\u00ba 6, departamento Rivadavia. (Interbloque Cambia San Juan)<\/li>\n<li>Tejiendo Sue\u00f1os, a la escuela de Nivel Inicial N\u00ba 65, departamento Chimbas. (Bloque San Juan Te Quiero)<\/li>\n<\/ul>\n<p><strong><span style=\"color: #800080;\">Proyectos de Resoluci\u00f3n<\/span><\/strong><\/p>\n<p>Durante la Segunda Sesi\u00f3n, la C\u00e1mara de Diputados pondr\u00e1 a consideraci\u00f3n los siguientes Proyectos de Resoluci\u00f3n, que proponen declarar de inter\u00e9s:<\/p>\n<ul>\n<li><strong><span style=\"color: #800080;\">Social y acad\u00e9mico,<\/span><\/strong> el Congreso Argentino de Estudiantes de Ingenier\u00eda Industrial y Carreras Afines (CAEII) 2026, el que se realiza del 6 al 9 de agosto en la provincia de San Juan. (Interbloque Cambia San Juan)<\/li>\n<li><span style=\"color: #800080;\"><strong>Social y deportivo,<\/strong><\/span> el evento Desaf\u00edo Ruta 40, \u00a0a realizarse en la provincia de San Juan como sede principal, con incursiones estrat\u00e9gicas en la provincia de Mendoza, organizado por la promotora Amaury Sport Organization (ASO), Federaci\u00f3n Internacional de Motociclismo (FIM) y la Federaci\u00f3n Internacional del Autom\u00f3vil (FIA) a realizarse desde el 24 al 29 de mayo del 2026. (Interbloque Cambia San Juan)<\/li>\n<li><strong><span style=\"color: #800080;\">Social y cultural,<\/span><\/strong> el Libro Mujeres Sordas que dejan Huella, Historias de Vida, obra literaria de Ocho mujeres sordas y adultas que fueron convocadas para escribir sus trayectorias de vida marcadas por la necesidad de superar la discapacidad auditiva adquirida en circunstancias y edades diferentes sus autoras son: Rosario Garc\u00eda Pareja, Mar\u00eda Gabriela Rojas, Miriam Liliana Migailoff, Mariana Reuter, Mar\u00eda Dolores Acha, Patricia Salas Figueroa, Mar\u00eda Rosa Iglesias L\u00f3pez y Olivia Castro Cranwell. Editorial Almaluz S.A libro publicado en el a\u00f1o 2025. (Bloque San Juan Vuelve)<\/li>\n<li><span style=\"color: #800080;\"><strong>Tur\u00edstico, social y cultural,<\/strong> <\/span>el XV Desfile Gaucho Tradicionalista, que se realiza el d\u00eda 30 de abril de 2026 y la XXIX Fiesta provincial de Doma y Folclore 1 de mayo D\u00eda del Trabajador, organizada por la Agrupaci\u00f3n Gaucha Cacique Angaco, en el departamento Angaco. (Bloque Del Este)<\/li>\n<li><strong><span style=\"color: #800080;\">Social, religioso y cultural<\/span><\/strong> la Convenci\u00f3n Regional de Cuyo Extendi\u00e9ndonos, que se lleva a cabo los d\u00edas 8 y 9 de mayo del corriente a\u00f1o, en la provincia de San Juan. (Bloque Justicialista)<\/li>\n<li><span style=\"color: #800080;\"><strong>Social y deportivo,<\/strong> <\/span>el Campeonato obtenido por UPCN San Juan V\u00f3ley, en la Liga de Voleibol Argentina 2025\/26. (Interbloque Cambia San Juan)<\/li>\n<li><strong><span style=\"color: #800080;\">Social, productivo y tur\u00edstico,<\/span><\/strong> la Expo Internacional San Juan Minera, que se lleva a cabo los d\u00edas 6,7 y 8 de mayo del corriente a\u00f1o en el Estadio del Bicentenario. (Interbloque Cambia San Juan)<\/li>\n<li><strong><span style=\"color: #800080;\">Deportivo y social<\/span><\/strong> el 3\u00b0 Campeonato Panamericano de Futsal de Sordos 2026, que se lleva a cabo los d\u00edas 4, 5, 6, 7 Y 8 mayo de 2026, en el Estadio Aldo Cantoni, provincia de San Juan. (Interbloque Cambia San Juan)<\/li>\n<li><strong><span style=\"color: #800080;\">Religioso, comunitario y social<\/span> <\/strong>a la Novena y Fiesta Patronal en Honor a la Virgen Nuestra Se\u00f1ora de los Desamparados, patrona del Departamento Albard\u00f3n; que se realizar\u00e1 desde el d\u00eda 1 al 10 de mayo del corriente a\u00f1o, bajo el lema &#8216;Mar\u00eda, modelo de escucha y espiritualidad, gula nuestra misi\u00f3n\u00bb en la Parroquia ubicada en la villa cabecera General San Mart\u00edn. (Bloque Justicialista)<\/li>\n<li><strong><span style=\"color: #800080;\">Art\u00edstico, cultural e hist\u00f3rico<\/span><\/strong> la obra Alberdi, El Musical del autor sanjuanino Pablo Flores Torres. (Interbloque Cambia San Juan)<\/li>\n<\/ul>\n<p><strong><span style=\"color: #800080;\">Proyectos de Declaraci\u00f3n\u00a0<\/span><\/strong><\/p>\n<p>Por \u00faltimo, los legisladores tratar\u00e1n los siguientes proyectos de Declaraci\u00f3n que expresan:<\/p>\n<ul>\n<li>Su m\u00e1s en\u00e9rgico repudio a las declaraciones efectuadas por el Gobernador de la provincia de La Rioja, Sr. Ricardo Quintela, en relaci\u00f3n con el proyecto minero Josemar\u00eda y por el intento de cuestionar los l\u00edmites territoriales vigentes entre ambas provincias, establecidos en el a\u00f1o 1968. Reafirmar la plena jurisdicci\u00f3n y soberan\u00eda de la provincia de San Juan sobre su territorio y recursos naturales, as\u00ed como su firme compromiso con el desarrollo responsable y sustentable de la actividad minera, el respeto por la ley, y la defensa de las inversiones y de las fuentes de trabajo de los sanjuaninos. (Bloque Justicialista)<\/li>\n<li>Su en\u00e9rgico repudio y rechazo a las declaraciones p\u00fablicas del gobernador Ricardo Quintela y a las acciones de gobierno de la Provincia de La Rioja, que impliquen agravios, hostilidad pol\u00edtica, desconocimiento de la jurisdicci\u00f3n sanjuanina y cuestionamientos impropios contrarios a los intereses de la Provincia de San Juan. Del mismo modo, manifiesta su repudio a cualquier intento de promover una discusi\u00f3n lim\u00edtrofe con la Provincia de San Juan, y reafirma la firme defensa del departamento Iglesia, de la jurisdicci\u00f3n sanjuanina, de la integridad territorial de la provincia, de su autonom\u00eda, de sus recursos y de su desarrollo productivo. \u00a0(Interbloque Cambia San Juan)<\/li>\n<\/ul>\n<p><strong><span style=\"color: #800080;\">Proyectos presentados<\/span><\/strong><\/p>\n<p>El Jueves, 30 de Abril, toma estado parlamentario una comunicaci\u00f3n oficial remitida por el Tribunal de Cuentas, por el que eleva rendici\u00f3n de cuentas del Ejercicio 2025. (Hacienda y Presupuesto).<\/p>\n<p>Por otro lado, la Legislatura toma conocimiento de una comunicaci\u00f3n remitida por particulares por la que pone en conocimiento al Poder Legislativo la interposici\u00f3n del Recurso de Reconsideraci\u00f3n con Recurso jer\u00e1rquico en subsidio contra la Resoluci\u00f3n N\u00b0 0243-MIAyE y la presentaci\u00f3n ante la Direcci\u00f3n de Hidr\u00e1ulica.<\/p>\n<p>Por otra parte, ingresar\u00e1n a comisiones los siguientes proyectos de ley que proponen:<\/p>\n<ul>\n<li>Crear el Sistema Integral de Prevenci\u00f3n, abordaje y resguardo digital contra el Grooming en la provincia de San Juan. (Interbloque Cambia San Juan- A sus antecedentes &#8211; Expedientes 589-2026 y 832-2026)<\/li>\n<li>Modificar la Ley N\u00b0 2674-H de Creaci\u00f3n del Programa de Capacitaci\u00f3n y Concientizaci\u00f3n en materia de Reanimaci\u00f3n Cardiopulmonar (RCP). (Interbloque Cambia San Juan- Comisiones: Legislaci\u00f3n y Asuntos Constitucionales\/ Educaci\u00f3n, Ciencia, T\u00e9cnica y Cultura).<\/li>\n<li>Establecer la Capacitaci\u00f3n Obligatoria, Continua y Gratuita en materia de Neurodiversidad y Necesidades Educativas Especiales (NEE) para todo el personal docente y estudiantes de formaci\u00f3n docente de gesti\u00f3n p\u00fablica y privada de la Provincia. (Interbloque Cambia San Juan- Comisiones: Legislaci\u00f3n y Asuntos Constitucionales\/ Educaci\u00f3n, Ciencia, T\u00e9cnica y Cultura).<\/li>\n<li>Donar terrenos del Departamento Caucete a la entidad civil Club Defensores del Este. (Bloque Justicialista. Comisiones: Legislaci\u00f3n y Asuntos Constitucionales\/ Obras y Servicios P\u00fablicos\/ Hacienda y Presupuesto)<\/li>\n<li>Crear el Programa Provincial de Educaci\u00f3n Financiera. (Bloque Bloquista. A su antecedentes Expediente 898-2026)<\/li>\n<li>Garantizar el acceso universal, libre, gratuito y equitativo a sanitarios p\u00fablicos en espacios de uso com\u00fan en todo el territorio de la provincia de San Juan. (Bloque Crecer. Comisiones: Legislaci\u00f3n y Asuntos Constitucionales\/ Obras y Servicios P\u00fablicos).<\/li>\n<li>Adherir a la Ley Nacional N\u00b0 27.674, de creaci\u00f3n del R\u00e9gimen de Protecci\u00f3n Integral de Ni\u00f1o, Ni\u00f1a y Adolescente con C\u00e1ncer. (Bloque Crecer. Comisiones: Legislaci\u00f3n y Asuntos Constitucionales\/ Salud y Discapacidad).<\/li>\n<li>Crear el Programa Provincial de Concientizaci\u00f3n de la salud de las personas con fibromialgia. (Bloque Crecer. A su antecedentes-Expediente 903-2026)<\/li>\n<li>Crear el Programa Provincial de Prevenci\u00f3n Integral de Acoso Escolar, el Ciberacoso y el Acoso Digital, facilitado por la Inteligencia Artificial. (Bloque Crecer. A sus antecedentes &#8211; Expedientes 847-2026 y 826-2026).<\/li>\n<li>Modificar la Ley N\u00b0 941-R, C\u00f3digo de Faltas de la provincia de San Juan. (Interbloque Cambia San Juan. Comisiones: Legislaci\u00f3n y Asuntos Constitucionales\/ Justicia y Seguridad).<\/li>\n<li>Regular regula el plan de cierre y post cierre de las minas en la provincia de San Juan. (Bloque Frente Renovador. Comisiones: Legislaci\u00f3n y Asuntos Constitucionales\/ Miner\u00eda y Energ\u00eda\/ Ambiente y Desarrollo Sostenible).<\/li>\n<li>Garantizar el abordaje integral de la enfermedad cel\u00edaca en el \u00e1mbito de la provincia de San Juan. (Bloque Justicialista. Comisiones: Legislaci\u00f3n y Asuntos Constitucionales\/ Salud y Discapacidad).<\/li>\n<\/ul>\n<p>Tambi\u00e9n ingresar\u00e1n a comisiones, los siguientes proyectos de Resoluci\u00f3n que proponen declarar de inter\u00e9s:<\/p>\n<ul>\n<li>La XV Edici\u00f3n del encuentro oliv\u00edcola internacional ARGOLIVA y el Concurso Internacional de Aceite de oliva virgen extra (AOVE). (Interbloque Cambia San Juan. Comisi\u00f3n: Agricultura y Ganader\u00eda).<\/li>\n<li>Las actividades organizadas en el marco del D\u00eda del Periodista. (Bloque Justicialista. Comisi\u00f3n: Educaci\u00f3n Ciencia, T\u00e9cnica y Cultura).<\/li>\n<li>La participaci\u00f3n de los docentes y agentes educativos en la Peregrinaci\u00f3n JUBILEO FRANCISCANO EUROPA 2026. (Interbloque Cambia San Juan. Comisi\u00f3n: Educaci\u00f3n Ciencia, T\u00e9cnica y Cultura).<\/li>\n<\/ul>\n<p><strong><span style=\"color: #800080;\">Proyectos de Comunicaci\u00f3n<\/span><\/strong><\/p>\n<p>Para finalizar, tomar\u00e1n estado parlamentario los siguientes proyectos de Comunicaci\u00f3n que solicitan:<\/p>\n<ul>\n<li>Al Poder Ejecutivo arbitre las medidas necesarias para la instalaci\u00f3n y puesta en funcionamiento del servicio de cajeros autom\u00e1ticos en el Departamento San Mart\u00edn. (Bloque Crecer. Comisiones: \u00a0Obras y Servicios P\u00fablicos\/ Hacienda y Presupuesto).<\/li>\n<li>Al Ministerio de Salud, incorpore personal m\u00e9dico con especialidad en traumatolog\u00eda en el Hospital Stella Molina del Departamento San Martin. (Bloque Crecer. Comisi\u00f3n: \u00a0Salud y Discapacidad.)<\/li>\n<li>La colocaci\u00f3n de c\u00e1maras de seguridad de video vigilancia en los accesos al departamento San Mart\u00edn. (Bloque Crecer. Comisi\u00f3n: Justicia y Seguridad).<\/li>\n<li>Al Poder Ejecutivo que por intermedio de Fiscal\u00eda de Estado, verifique el cumplimiento de los cargos impuestos en la. donaci\u00f3n de un inmueble al autom\u00f3vil Club Argentino. (Bloque Bloquista. Comisi\u00f3n: Control y Seguimiento Legislativo)<\/li>\n<li>Al Poder Ejecutivo Provincial que gestione medidas urgentes para la reparaci\u00f3n integral de la Ruta Provincial N\u00b0 141, en el tramo comprendido desde la intersecci\u00f3n con Ruta N\u00b0 20 (Caucete) hasta la intersecci\u00f3n con Ruta N\u00b0 510. (Bloque Justicialista. Comisi\u00f3n: Obras y Servicios P\u00fabicos).<\/li>\n<\/ul>\n<figure id=\"attachment_37951\" aria-describedby=\"caption-attachment-37951\" style=\"width: 800px\" class=\"wp-caption alignnone\"><img loading=\"lazy\" decoding=\"async\" class=\"size-full wp-image-37951\" src=\"https:\/\/vocesparalelas.com.ar\/sitio\/wp-content\/uploads\/2021\/05\/CAMARA-EDIFICIO.jpg\" alt=\"\" width=\"800\" height=\"515\" srcset=\"https:\/\/vocesparalelas.com.ar\/sitio\/wp-content\/uploads\/2021\/05\/CAMARA-EDIFICIO.jpg 800w, https:\/\/vocesparalelas.com.ar\/sitio\/wp-content\/uploads\/2021\/05\/CAMARA-EDIFICIO-300x193.jpg 300w, https:\/\/vocesparalelas.com.ar\/sitio\/wp-content\/uploads\/2021\/05\/CAMARA-EDIFICIO-768x494.jpg 768w\" sizes=\"auto, (max-width: 800px) 100vw, 800px\" \/><figcaption id=\"caption-attachment-37951\" class=\"wp-caption-text\">Legislatura Provincial de San Juan, Rep\u00fablica Argentina<\/figcaption><\/figure>\n","protected":false},"excerpt":{"rendered":"<p>La C\u00e1mara de Diputados de San Juan celebra la Segunda Sesi\u00f3n el Jueves, 30 de Abril, a las 9.30 horas.<\/p>\n","protected":false},"author":3,"featured_media":8062,"comment_status":"closed","ping_status":"closed","sticky":false,"template":"","format":"standard","meta":{"_acf_changed":false,"_seopress_robots_primary_cat":"none","_seopress_titles_title":"","_seopress_titles_desc":"","_seopress_robots_index":"","colormag_page_container_layout":"default_layout","colormag_page_sidebar_layout":"default_layout","footnotes":""},"categories":[1],"tags":[],"class_list":["post-99272","post","type-post","status-publish","format-standard","has-post-thumbnail","hentry","category-destacadas"],"acf":[],"_links":{"self":[{"href":"https:\/\/vocesparalelas.com.ar\/sitio\/wp-json\/wp\/v2\/posts\/99272","targetHints":{"allow":["GET"]}}],"collection":[{"href":"https:\/\/vocesparalelas.com.ar\/sitio\/wp-json\/wp\/v2\/posts"}],"about":[{"href":"https:\/\/vocesparalelas.com.ar\/sitio\/wp-json\/wp\/v2\/types\/post"}],"author":[{"embeddable":true,"href":"https:\/\/vocesparalelas.com.ar\/sitio\/wp-json\/wp\/v2\/users\/3"}],"replies":[{"embeddable":true,"href":"https:\/\/vocesparalelas.com.ar\/sitio\/wp-json\/wp\/v2\/comments?post=99272"}],"version-history":[{"count":1,"href":"https:\/\/vocesparalelas.com.ar\/sitio\/wp-json\/wp\/v2\/posts\/99272\/revisions"}],"predecessor-version":[{"id":99275,"href":"https:\/\/vocesparalelas.com.ar\/sitio\/wp-json\/wp\/v2\/posts\/99272\/revisions\/99275"}],"wp:featuredmedia":[{"embeddable":true,"href":"https:\/\/vocesparalelas.com.ar\/sitio\/wp-json\/wp\/v2\/media\/8062"}],"wp:attachment":[{"href":"https:\/\/vocesparalelas.com.ar\/sitio\/wp-json\/wp\/v2\/media?parent=99272"}],"wp:term":[{"taxonomy":"category","embeddable":true,"href":"https:\/\/vocesparalelas.com.ar\/sitio\/wp-json\/wp\/v2\/categories?post=99272"},{"taxonomy":"post_tag","embeddable":true,"href":"https:\/\/vocesparalelas.com.ar\/sitio\/wp-json\/wp\/v2\/tags?post=99272"}],"curies":[{"name":"wp","href":"https:\/\/api.w.org\/{rel}","templated":true}]}}