{"id":99262,"date":"2026-04-29T17:46:17","date_gmt":"2026-04-29T20:46:17","guid":{"rendered":"https:\/\/vocesparalelas.com.ar\/sitio\/?p=99262"},"modified":"2026-04-29T17:46:17","modified_gmt":"2026-04-29T20:46:17","slug":"3-parada-de-colectivo-climatizada-en-la-zona-de-la-facso-de-la-unsj-departamento-rivadavia-de-san-juan","status":"publish","type":"post","link":"https:\/\/vocesparalelas.com.ar\/sitio\/3-parada-de-colectivo-climatizada-en-la-zona-de-la-facso-de-la-unsj-departamento-rivadavia-de-san-juan\/","title":{"rendered":"3\u00b0 parada de colectivo climatizada en la zona de la FACSO de la UNSJ, Departamento Rivadavia de San Juan"},"content":{"rendered":"<p>La Ciudad de Rivadavia contin\u00faa avanzando con obras que mejoran la calidad de vida de sus vecinos. En esta oportunidad, el intendente de la Municipalidad de la Ciudad de Rivadavia, Sergio Miodowsky, equipo de gesti\u00f3n, alumnos y vecinos inauguraron la tercera parada de colectivo climatizada en la zona de la Facultad de Ciencias Sociales de la Universidad Nacional de San Juan, uno de los puntos con mayor circulaci\u00f3n de pasajeros.<\/p>\n<p><img loading=\"lazy\" decoding=\"async\" class=\"alignnone size-full wp-image-99266\" src=\"https:\/\/vocesparalelas.com.ar\/sitio\/wp-content\/uploads\/2026\/04\/RIVADAVIA-PARADA-11.jpg\" alt=\"\" width=\"800\" height=\"533\" srcset=\"https:\/\/vocesparalelas.com.ar\/sitio\/wp-content\/uploads\/2026\/04\/RIVADAVIA-PARADA-11.jpg 800w, https:\/\/vocesparalelas.com.ar\/sitio\/wp-content\/uploads\/2026\/04\/RIVADAVIA-PARADA-11-300x200.jpg 300w, https:\/\/vocesparalelas.com.ar\/sitio\/wp-content\/uploads\/2026\/04\/RIVADAVIA-PARADA-11-768x512.jpg 768w\" sizes=\"auto, (max-width: 800px) 100vw, 800px\" \/><\/p>\n<p>Este nuevo espacio cuenta con un sistema de climatizaci\u00f3n fr\u00edo-calor, dise\u00f1ado para brindar mayor comodidad a quienes utilizan el transporte p\u00fablico. De esta manera, los usuarios podr\u00e1n resguardarse de las altas temperaturas durante el verano, as\u00ed como tambi\u00e9n de los d\u00edas fr\u00edos que ya comienzan a hacerse sentir en la provincia.<\/p>\n<p>La elecci\u00f3n del lugar no es casual: se trata de una zona de gran afluencia de estudiantes, docentes y trabajadores que, en distintos horarios \u2014ma\u00f1ana, siesta, tarde y noche\u2014, esperan el colectivo en este punto neur\u00e1lgico del departamento.<\/p>\n<p>Con esta inauguraci\u00f3n, ya son tres las paradas climatizadas que forman parte de una pol\u00edtica innovadora impulsada por el municipio. La primera fue instalada a fines de 2025 en la Plaza Madre Universal, mientras que la segunda se concret\u00f3 meses atr\u00e1s en la intersecci\u00f3n de calle Rastreador Cal\u00edvar y Avenida Libertador, frente al edificio municipal.<\/p>\n<p>Este proyecto contempla la instalaci\u00f3n de cinco paradas en total, por lo que a\u00fan restan dos por ejecutar: una en la Universidad Cat\u00f3lica de Cuyo y otra en las inmediaciones del Hospital Marcial Quiroga, ampliando as\u00ed este servicio en puntos estrat\u00e9gicos del departamento.<\/p>\n<p>En este contexto, el intendente de la Municipalidad de la Ciudad de Rivadavia, Sergio Miodowsky. manifest\u00f3 que\u00a0\u201cSsguimos trabajando con hechos concretos para mejorar la vida de los vecinos. Estas paradas no solo brindan comodidad, sino que tambi\u00e9n representan una mirada moderna sobre el transporte p\u00fablico y el uso del espacio urbano\u201d.<\/p>\n<p><iframe loading=\"lazy\" title=\"RIVADAVIA INTENDENTE SERGIO MIODOWSKY \" width=\"800\" height=\"450\" src=\"https:\/\/www.youtube.com\/embed\/n9ZkW7IcL7g?feature=oembed\" frameborder=\"0\" allow=\"accelerometer; autoplay; clipboard-write; encrypted-media; gyroscope; picture-in-picture; web-share\" referrerpolicy=\"strict-origin-when-cross-origin\" allowfullscreen><\/iframe><\/p>\n<p>De esta manera, Rivadavia se posiciona como un municipio innovador en la provincia, incorporando infraestructura que no solo responde a las necesidades actuales, sino que tambi\u00e9n proyecta una ciudad m\u00e1s accesible, inclusiva y pensada para el bienestar de todos.<\/p>\n<p><img loading=\"lazy\" decoding=\"async\" class=\"alignnone size-full wp-image-99267\" src=\"https:\/\/vocesparalelas.com.ar\/sitio\/wp-content\/uploads\/2026\/04\/RIVADAVIA-PARADA-12.jpg\" alt=\"\" width=\"800\" height=\"533\" srcset=\"https:\/\/vocesparalelas.com.ar\/sitio\/wp-content\/uploads\/2026\/04\/RIVADAVIA-PARADA-12.jpg 800w, https:\/\/vocesparalelas.com.ar\/sitio\/wp-content\/uploads\/2026\/04\/RIVADAVIA-PARADA-12-300x200.jpg 300w, https:\/\/vocesparalelas.com.ar\/sitio\/wp-content\/uploads\/2026\/04\/RIVADAVIA-PARADA-12-768x512.jpg 768w\" sizes=\"auto, (max-width: 800px) 100vw, 800px\" \/><\/p>\n<p>&nbsp;<\/p>\n<p><img loading=\"lazy\" decoding=\"async\" class=\"alignnone size-full wp-image-96825\" src=\"https:\/\/vocesparalelas.com.ar\/sitio\/wp-content\/uploads\/2026\/02\/RIVADAVIA-LOO-2026.jpg\" alt=\"\" width=\"800\" height=\"498\" srcset=\"https:\/\/vocesparalelas.com.ar\/sitio\/wp-content\/uploads\/2026\/02\/RIVADAVIA-LOO-2026.jpg 800w, https:\/\/vocesparalelas.com.ar\/sitio\/wp-content\/uploads\/2026\/02\/RIVADAVIA-LOO-2026-300x187.jpg 300w, https:\/\/vocesparalelas.com.ar\/sitio\/wp-content\/uploads\/2026\/02\/RIVADAVIA-LOO-2026-768x478.jpg 768w\" sizes=\"auto, (max-width: 800px) 100vw, 800px\" \/><\/p>\n","protected":false},"excerpt":{"rendered":"<p>La Ciudad de Rivadavia contin\u00faa avanzando con obras que mejoran la calidad de vida de sus vecinos. En esta oportunidad,<\/p>\n","protected":false},"author":3,"featured_media":99265,"comment_status":"closed","ping_status":"closed","sticky":false,"template":"","format":"standard","meta":{"_acf_changed":false,"_seopress_robots_primary_cat":"none","_seopress_titles_title":"","_seopress_titles_desc":"","_seopress_robots_index":"","colormag_page_container_layout":"default_layout","colormag_page_sidebar_layout":"default_layout","footnotes":""},"categories":[1],"tags":[],"class_list":["post-99262","post","type-post","status-publish","format-standard","has-post-thumbnail","hentry","category-destacadas"],"acf":[],"_links":{"self":[{"href":"https:\/\/vocesparalelas.com.ar\/sitio\/wp-json\/wp\/v2\/posts\/99262","targetHints":{"allow":["GET"]}}],"collection":[{"href":"https:\/\/vocesparalelas.com.ar\/sitio\/wp-json\/wp\/v2\/posts"}],"about":[{"href":"https:\/\/vocesparalelas.com.ar\/sitio\/wp-json\/wp\/v2\/types\/post"}],"author":[{"embeddable":true,"href":"https:\/\/vocesparalelas.com.ar\/sitio\/wp-json\/wp\/v2\/users\/3"}],"replies":[{"embeddable":true,"href":"https:\/\/vocesparalelas.com.ar\/sitio\/wp-json\/wp\/v2\/comments?post=99262"}],"version-history":[{"count":1,"href":"https:\/\/vocesparalelas.com.ar\/sitio\/wp-json\/wp\/v2\/posts\/99262\/revisions"}],"predecessor-version":[{"id":99268,"href":"https:\/\/vocesparalelas.com.ar\/sitio\/wp-json\/wp\/v2\/posts\/99262\/revisions\/99268"}],"wp:featuredmedia":[{"embeddable":true,"href":"https:\/\/vocesparalelas.com.ar\/sitio\/wp-json\/wp\/v2\/media\/99265"}],"wp:attachment":[{"href":"https:\/\/vocesparalelas.com.ar\/sitio\/wp-json\/wp\/v2\/media?parent=99262"}],"wp:term":[{"taxonomy":"category","embeddable":true,"href":"https:\/\/vocesparalelas.com.ar\/sitio\/wp-json\/wp\/v2\/categories?post=99262"},{"taxonomy":"post_tag","embeddable":true,"href":"https:\/\/vocesparalelas.com.ar\/sitio\/wp-json\/wp\/v2\/tags?post=99262"}],"curies":[{"name":"wp","href":"https:\/\/api.w.org\/{rel}","templated":true}]}}