{"id":99258,"date":"2026-04-28T21:58:29","date_gmt":"2026-04-29T00:58:29","guid":{"rendered":"https:\/\/vocesparalelas.com.ar\/sitio\/?p=99258"},"modified":"2026-04-28T21:59:03","modified_gmt":"2026-04-29T00:59:03","slug":"implementaron-la-atencion-de-urgencia-durante-las-24-horas-en-los-hospitales-en-los-departamentos-de-san-juan","status":"publish","type":"post","link":"https:\/\/vocesparalelas.com.ar\/sitio\/implementaron-la-atencion-de-urgencia-durante-las-24-horas-en-los-hospitales-en-los-departamentos-de-san-juan\/","title":{"rendered":"Implementaron la atenci\u00f3n de urgencia durante las 24 horas en los Hospitales en los Departamentos de San Juan"},"content":{"rendered":"<p>El Ministerio de Salud del Gobierno de San Juan implementa en 15 hospitales departamentales, por primera vez, la atenci\u00f3n de guardias activas de 24 horas en farmacia, laboratorio y radiolog\u00eda, adem\u00e1s de la atenci\u00f3n vespertina en consultorios externos para la atenci\u00f3n de pacientes adultos y pedi\u00e1tricos y la presencia de personal de admisi\u00f3n otorgando turnos hasta las 21 hs.<\/p>\n<p>El objetivo principal es llevar m\u00e1s servicios a la gente, mejorar la accesibilidad al sistema de salud, brindando un diagn\u00f3stico preciso y seguro, la medicaci\u00f3n adecuada y ampliando la cobertura, sin que tengan que movilizarse hacia centros de mayor complejidad.<\/p>\n<p>Estas nuevas prestaciones fueron anunciadas por el gobernador Marcelo Orrego, en su discurso anual el 1 de abril, estableciendo que donde haya un m\u00e9dico existir\u00e1n guardias de 24 horas en laboratorio, farmacia y radiolog\u00eda.<\/p>\n<p>Adem\u00e1s, se dispone el funcionamiento de consultorios en horario vespertino, gracias a la incorporaci\u00f3n de profesionales que brindar\u00e1n atenci\u00f3n a pacientes adultos y pedi\u00e1tricos, con la incorporaci\u00f3n de recurso humano. Y personal de admisi\u00f3n entregar\u00e1 turnos hasta las 21:00 hs.<\/p>\n<p><strong><span style=\"color: #ff0000;\">Hospitales que cuentan con servicios de guardias activas las 24 horas<\/span><\/strong><\/p>\n<ul>\n<li>Hospital 25 de mayo \u2013 Calle 4 entre Mendoza y Enfermera Medina &#8211; Departamento 25 de mayo<\/li>\n<li>Hospital Dr. Alejandro Albarrac\u00edn \u2013 General Acha y 25 de mayo, Departamento Valle F\u00e9rtil<\/li>\n<li>Hospital Dr. Alfredo Rizo Esparza \u2013 Domingo Faustino Sarmiento 225, Departamento Angaco<\/li>\n<li>Hospital Dr. C\u00e9sar Aguilar \u2013 J. J. Bustos y Ferm\u00edn Rodr\u00edguez, Departamento Caucete<\/li>\n<li>Hospital Dr. Jos\u00e9 Giordano \u2013 Av. Sarmiento entre Tucum\u00e1n y B\u00b0 Pintor, Departamento Albard\u00f3n<\/li>\n<li>Hospital Dr. Tom\u00e1s Per\u00f3n \u2013 Santo Domingo s\/n, Departamento Iglesia<\/li>\n<li>Hospital San Roque \u2013 Maradona 573, Departamento J\u00e1chal<\/li>\n<li>Hospital Barreal \u2013 Las Heras s\/n, Barreal, Departamento Calingasta<\/li>\n<li>Hospital Dr. Aldo Cantoni \u2013 Avda Argentina s\/n, Departamento Calingasta<\/li>\n<li>Hospital Dra. Julieta Lanteri \u2013 Av. Ignacio de la Roza 8000 oeste, La Bebida, Departamento Rivadavia<\/li>\n<li>CAPS Centro de Adiestramiento Dr. Ren\u00e9 Favaloro \u2013 Tierra del Fuego s\/n, Departamento Rawson<\/li>\n<li>Hospital Dr. Federico Cantoni \u2013 Av. Joaqu\u00edn U\u00f1ac s\/n, Departamento Pocito<\/li>\n<li>Hospital Dr. Ventura Lloveras \u2013 9 de julio entre Uruguay y \u00c1ngel Rojas, V\u00b0 Media Agua, Departamento Sarmiento<\/li>\n<li>Micro Hospital de Los Berros \u2013 Ruta 153, Los Berros, Departamento Sarmiento<\/li>\n<li>Hospital Stella Molina \u2013 Departamento San Mart\u00edn<\/li>\n<\/ul>\n<p>Salud contin\u00faa trabajando en la consolidaci\u00f3n de una red sanitaria integrada, equitativa y accesible, priorizando la atenci\u00f3n oportuna y de calidad para toda la familia sanjuanina.<\/p>\n<p>&nbsp;<\/p>\n<p><img loading=\"lazy\" decoding=\"async\" class=\"alignnone size-full wp-image-65642\" src=\"https:\/\/vocesparalelas.com.ar\/sitio\/wp-content\/uploads\/2023\/11\/GOBIERNO-SAN-JUAN.jpg\" alt=\"\" width=\"800\" height=\"600\" srcset=\"https:\/\/vocesparalelas.com.ar\/sitio\/wp-content\/uploads\/2023\/11\/GOBIERNO-SAN-JUAN.jpg 800w, https:\/\/vocesparalelas.com.ar\/sitio\/wp-content\/uploads\/2023\/11\/GOBIERNO-SAN-JUAN-300x225.jpg 300w, https:\/\/vocesparalelas.com.ar\/sitio\/wp-content\/uploads\/2023\/11\/GOBIERNO-SAN-JUAN-768x576.jpg 768w\" sizes=\"auto, (max-width: 800px) 100vw, 800px\" \/><\/p>\n","protected":false},"excerpt":{"rendered":"<p>El Ministerio de Salud del Gobierno de San Juan implementa en 15 hospitales departamentales, por primera vez, la atenci\u00f3n de<\/p>\n","protected":false},"author":3,"featured_media":52726,"comment_status":"closed","ping_status":"closed","sticky":false,"template":"","format":"standard","meta":{"_acf_changed":false,"_seopress_robots_primary_cat":"none","_seopress_titles_title":"","_seopress_titles_desc":"","_seopress_robots_index":"","colormag_page_container_layout":"default_layout","colormag_page_sidebar_layout":"default_layout","footnotes":""},"categories":[1],"tags":[],"class_list":["post-99258","post","type-post","status-publish","format-standard","has-post-thumbnail","hentry","category-destacadas"],"acf":[],"_links":{"self":[{"href":"https:\/\/vocesparalelas.com.ar\/sitio\/wp-json\/wp\/v2\/posts\/99258","targetHints":{"allow":["GET"]}}],"collection":[{"href":"https:\/\/vocesparalelas.com.ar\/sitio\/wp-json\/wp\/v2\/posts"}],"about":[{"href":"https:\/\/vocesparalelas.com.ar\/sitio\/wp-json\/wp\/v2\/types\/post"}],"author":[{"embeddable":true,"href":"https:\/\/vocesparalelas.com.ar\/sitio\/wp-json\/wp\/v2\/users\/3"}],"replies":[{"embeddable":true,"href":"https:\/\/vocesparalelas.com.ar\/sitio\/wp-json\/wp\/v2\/comments?post=99258"}],"version-history":[{"count":1,"href":"https:\/\/vocesparalelas.com.ar\/sitio\/wp-json\/wp\/v2\/posts\/99258\/revisions"}],"predecessor-version":[{"id":99261,"href":"https:\/\/vocesparalelas.com.ar\/sitio\/wp-json\/wp\/v2\/posts\/99258\/revisions\/99261"}],"wp:featuredmedia":[{"embeddable":true,"href":"https:\/\/vocesparalelas.com.ar\/sitio\/wp-json\/wp\/v2\/media\/52726"}],"wp:attachment":[{"href":"https:\/\/vocesparalelas.com.ar\/sitio\/wp-json\/wp\/v2\/media?parent=99258"}],"wp:term":[{"taxonomy":"category","embeddable":true,"href":"https:\/\/vocesparalelas.com.ar\/sitio\/wp-json\/wp\/v2\/categories?post=99258"},{"taxonomy":"post_tag","embeddable":true,"href":"https:\/\/vocesparalelas.com.ar\/sitio\/wp-json\/wp\/v2\/tags?post=99258"}],"curies":[{"name":"wp","href":"https:\/\/api.w.org\/{rel}","templated":true}]}}