{"id":99253,"date":"2026-04-28T21:45:01","date_gmt":"2026-04-29T00:45:01","guid":{"rendered":"https:\/\/vocesparalelas.com.ar\/sitio\/?p=99253"},"modified":"2026-04-28T21:45:01","modified_gmt":"2026-04-29T00:45:01","slug":"mas-casas-para-familias-felices-en-san-juan","status":"publish","type":"post","link":"https:\/\/vocesparalelas.com.ar\/sitio\/mas-casas-para-familias-felices-en-san-juan\/","title":{"rendered":"M\u00e1s Casas para familias felices en San Juan"},"content":{"rendered":"<p>El gobernador de San Juan, Dr. Marcelo Orrego remarc\u00f3 el esfuerzo provincial por sostener la obra p\u00fablica y generar soluciones concretas para las familias<\/p>\n<p>Con el objetivo de seguir construyendo el San Juan del futuro y mejorar la calidad de vida de las familias, el gobernador Dr. Marcelo Orrego presidi\u00f3 el acto de entrega de las llaves del Barrio El Alba, en el departamento Chimbas, donde 46 familias accedieron a su vivienda propia en un entorno urbano completamente equipado.<\/p>\n<p>El nuevo complejo habitacional cuenta con viviendas dise\u00f1adas con dos dormitorios, ba\u00f1o y cocina-comedor, incorporando adem\u00e1s equipamiento completo y servicios b\u00e1sicos que garantizan condiciones adecuadas de habitabilidad.<\/p>\n<p>Como parte de una pol\u00edtica inclusiva, el barrio incluye tres viviendas adaptadas para personas con discapacidad, dos de ellas destinadas a familias con integrantes con discapacidad motriz.<\/p>\n<p>En este marco, el gobernador de San Juan, Dr. Marcelo Orrego puntualiz\u00f3 que \u201cel contexto es circunstancialmente dif\u00edcil, el que nos ha tocado. Pero somos gente que viene y genera las pol\u00edticas en materia de desarrollo social\u201d.<\/p>\n<p>\u201cSan Juan est\u00e1 entre las provincias que mejor situaci\u00f3n fiscal tiene, lo digo con mucha humildad, pero eso nos es gracias solamente a un gobierno, es gracias a su gente, a decir si podemos\u201d.<\/p>\n<p>\u201cEn momentos como este, donde muchas provincias viven una situaci\u00f3n dif\u00edcil con la obra p\u00fablica, San Juan hace dos a\u00f1os hizo un esfuerzo enorme, y tenemos la posibilidad de decir que nuestra provincia fue la primera provincia que reactiv\u00f3 la obra p\u00fablica\u201d.<\/p>\n<p>\u201cFue la primera provincia que elimin\u00f3 impuestos, que redujo impuestos, en contextos dif\u00edciles, pero siempre pensando en la gente\u201d &#8211; concluy\u00f3 el gobernador de San Juan, Dr. Marcelo Orrego.<\/p>\n<p><iframe loading=\"lazy\" title=\"El Gobierno provincial genera m\u00e1s oportunidades de acceso a la vivienda para las familias de Chimbas\" width=\"800\" height=\"450\" src=\"https:\/\/www.youtube.com\/embed\/P7SUwbViLPc?feature=oembed\" frameborder=\"0\" allow=\"accelerometer; autoplay; clipboard-write; encrypted-media; gyroscope; picture-in-picture; web-share\" referrerpolicy=\"strict-origin-when-cross-origin\" allowfullscreen><\/iframe><\/p>\n<p>La intervenci\u00f3n no se limit\u00f3 a la construcci\u00f3n de viviendas. El proyecto contempl\u00f3 una urbanizaci\u00f3n integral que incluye veredas, alumbrado p\u00fablico, arbolado, red de gas, sistema de riego, cord\u00f3n cuneta y se\u00f1alizaci\u00f3n, consolidando un entorno ordenado y funcional que mejora la vida cotidiana de los vecinos.<\/p>\n<p>La obra se inici\u00f3 en septiembre de 2023 y finaliz\u00f3 en abril de 2026, dando una respuesta concreta a la demanda habitacional en una zona en crecimiento. Para muchas de las familias beneficiarias, este momento representa dejar atr\u00e1s a\u00f1os de alquiler o situaciones habitacionales precarias. Entre ellas, se destacan casos de adultos mayores que esperaron m\u00e1s de dos d\u00e9cadas para acceder a su casa propia, alcanzando finalmente estabilidad y seguridad.<\/p>\n<p>En t\u00e9rminos de gesti\u00f3n, este desarrollo se concret\u00f3 en un contexto desafiante, con financiamiento \u00edntegramente sostenido por fondos provinciales. Actualmente, el 100% de los barrios en ejecuci\u00f3n en San Juan se financian con recursos locales, a diferencia de etapas anteriores donde predominaban los aportes nacionales. En ese marco, la entrega del barrio El Alba forma parte de una pol\u00edtica habitacional que prioriza a las familias que m\u00e1s lo necesitan y que ya ha permitido entregar m\u00e1s de 2.000 viviendas entre 2024 y 2025.<\/p>\n<p>Adem\u00e1s, el proyecto se llev\u00f3 adelante en articulaci\u00f3n con el sector privado, garantizando est\u00e1ndares de calidad en la ejecuci\u00f3n. Esta planificaci\u00f3n no solo responde a la necesidad de viviendas, sino que tambi\u00e9n ordena el territorio y consolida nuevos barrios con infraestructura completa.<\/p>\n<p>Participaron del acto el ministro de Infraestructura, Agua y Energ\u00eda, Fernando Perea; secretario de Infraestructura, Ariel Villavicencio; directora del IPV, Elina Peralta; intendenta de Chimbas, Daniela Rodr\u00edguez y dem\u00e1s autoridades.<\/p>\n","protected":false},"excerpt":{"rendered":"<p>El gobernador de San Juan, Dr. Marcelo Orrego remarc\u00f3 el esfuerzo provincial por sostener la obra p\u00fablica y generar soluciones<\/p>\n","protected":false},"author":3,"featured_media":99256,"comment_status":"closed","ping_status":"closed","sticky":false,"template":"","format":"standard","meta":{"_acf_changed":false,"_seopress_robots_primary_cat":"none","_seopress_titles_title":"","_seopress_titles_desc":"","_seopress_robots_index":"","colormag_page_container_layout":"default_layout","colormag_page_sidebar_layout":"default_layout","footnotes":""},"categories":[1,7],"tags":[],"class_list":["post-99253","post","type-post","status-publish","format-standard","has-post-thumbnail","hentry","category-destacadas","category-videos"],"acf":[],"_links":{"self":[{"href":"https:\/\/vocesparalelas.com.ar\/sitio\/wp-json\/wp\/v2\/posts\/99253","targetHints":{"allow":["GET"]}}],"collection":[{"href":"https:\/\/vocesparalelas.com.ar\/sitio\/wp-json\/wp\/v2\/posts"}],"about":[{"href":"https:\/\/vocesparalelas.com.ar\/sitio\/wp-json\/wp\/v2\/types\/post"}],"author":[{"embeddable":true,"href":"https:\/\/vocesparalelas.com.ar\/sitio\/wp-json\/wp\/v2\/users\/3"}],"replies":[{"embeddable":true,"href":"https:\/\/vocesparalelas.com.ar\/sitio\/wp-json\/wp\/v2\/comments?post=99253"}],"version-history":[{"count":1,"href":"https:\/\/vocesparalelas.com.ar\/sitio\/wp-json\/wp\/v2\/posts\/99253\/revisions"}],"predecessor-version":[{"id":99257,"href":"https:\/\/vocesparalelas.com.ar\/sitio\/wp-json\/wp\/v2\/posts\/99253\/revisions\/99257"}],"wp:featuredmedia":[{"embeddable":true,"href":"https:\/\/vocesparalelas.com.ar\/sitio\/wp-json\/wp\/v2\/media\/99256"}],"wp:attachment":[{"href":"https:\/\/vocesparalelas.com.ar\/sitio\/wp-json\/wp\/v2\/media?parent=99253"}],"wp:term":[{"taxonomy":"category","embeddable":true,"href":"https:\/\/vocesparalelas.com.ar\/sitio\/wp-json\/wp\/v2\/categories?post=99253"},{"taxonomy":"post_tag","embeddable":true,"href":"https:\/\/vocesparalelas.com.ar\/sitio\/wp-json\/wp\/v2\/tags?post=99253"}],"curies":[{"name":"wp","href":"https:\/\/api.w.org\/{rel}","templated":true}]}}