{"id":99249,"date":"2026-04-28T20:56:07","date_gmt":"2026-04-28T23:56:07","guid":{"rendered":"https:\/\/vocesparalelas.com.ar\/sitio\/?p=99249"},"modified":"2026-04-28T20:56:07","modified_gmt":"2026-04-28T23:56:07","slug":"sumate-al-dia-internacional-de-la-danza-en-san-juan","status":"publish","type":"post","link":"https:\/\/vocesparalelas.com.ar\/sitio\/sumate-al-dia-internacional-de-la-danza-en-san-juan\/","title":{"rendered":"Sumate al D\u00eda Internacional de la Danza en San Juan"},"content":{"rendered":"<p>En el marco del\u00a0D\u00eda Internacional de la Danza, el Ministerio de Turismo, Cultura y Deporte del Gobierno de San Juan invita a los interesados a disfrutar de una variada programaci\u00f3n de actividades que se desarrollan en distintos espacios culturales. Las mismas, est\u00e1n pensadas para celebrar el movimiento, la expresi\u00f3n y el encuentro a trav\u00e9s del arte.<\/p>\n<p data-start=\"613\" data-end=\"1025\"><strong><span style=\"color: #ff6600;\">Programa<\/span><\/strong><\/p>\n<ul>\n<li data-start=\"613\" data-end=\"1025\">Martes, 28 de Abril, a las 21 hs.; en el Teatro Sarmiento con la funci\u00f3n \u201cLatidos de mi Tierra\u201d, un espect\u00e1culo que rinde homenaje a la danza en todas sus formas. La presentaci\u00f3n es con apertura de puertas 40 minutos antes. La propuesta es apta para todo p\u00fablico y tiene una duraci\u00f3n de 120 minutos. Las entradas pueden adquirirse en boleter\u00eda del teatro, con un valor general de $10.000.<\/li>\n<li data-start=\"613\" data-end=\"1025\">Centro Cultural Conte Grand ser\u00e1 escenario de una propuesta participativa durante el Martes, 28 y Mi\u00e9rcoles, 29 de Abril, desde las 15 hs.; bajo la consigna de celebrar la danza en comunidad, se desarrollan jornadas intensivas abiertas y gratuitas, sin inscripci\u00f3n previa, que incluyen clases y talleres de distintos estilos como contempor\u00e1neo, jazz, ritmos urbanos, ritmos latinos, tango y folklore, adem\u00e1s de espacios de preparaci\u00f3n f\u00edsica.<\/li>\n<li data-start=\"613\" data-end=\"1025\">S\u00e1bado, 2 de mayo, la explanada del Ferro Urban\u00edstico se transforma en un gran escenario al aire libre. Desde las 16 hasta las 22 hs.; el p\u00fablico puede disfrutar de shows art\u00edsticos con grupos invitados que recorrer\u00e1n disciplinas como tango, folklore, salsa, hip hop, danza \u00e1rabe, folklore inclusivo, danza espa\u00f1ola y reguet\u00f3n, entre otras. La jornada tambi\u00e9n contar\u00e1 con feria de artesan\u00edas y m\u00fasica en vivo, en un evento con entrada libre y gratuita.<\/li>\n<li data-start=\"613\" data-end=\"1025\">Chalet Cantoni Casa Cultural junto a Estudio Copelia Instituto de Danza y el Ensamble Barroco presentan \u00abPartituras en movimiento\u00bb encuentro entre m\u00fasica y danza<em>.<\/em><em>\u00a0<\/em>A realizarse el Domingo 3 de Mayo, a las 19 hs.; entrada gratuita. Es un cruce esc\u00e9nico donde el movimiento y la m\u00fasica en vivo dialogan de manera sensible; la participaci\u00f3n del estudio surge adem\u00e1s desde la cercan\u00eda territorial con el espacio cultural, fortaleciendo v\u00ednculos y promoviendo el trabajo colaborativo entre artistas de la zona.<\/li>\n<\/ul>\n<p data-start=\"1986\" data-end=\"2193\">De esta manera, el Ministerio de Turismo, Cultura y Deporte del Gobierno de San Juan propone una celebraci\u00f3n diversa e inclusiva, que invita a toda la comunidad a ser parte y a vivir la danza como una expresi\u00f3n cultural que nos une.<\/p>\n<p data-start=\"1986\" data-end=\"2193\"><img loading=\"lazy\" decoding=\"async\" class=\"alignnone size-full wp-image-88840\" src=\"https:\/\/vocesparalelas.com.ar\/sitio\/wp-content\/uploads\/2025\/07\/BAILARINES-DANZA.jpg\" alt=\"\" width=\"800\" height=\"450\" srcset=\"https:\/\/vocesparalelas.com.ar\/sitio\/wp-content\/uploads\/2025\/07\/BAILARINES-DANZA.jpg 800w, https:\/\/vocesparalelas.com.ar\/sitio\/wp-content\/uploads\/2025\/07\/BAILARINES-DANZA-300x169.jpg 300w, https:\/\/vocesparalelas.com.ar\/sitio\/wp-content\/uploads\/2025\/07\/BAILARINES-DANZA-768x432.jpg 768w\" sizes=\"auto, (max-width: 800px) 100vw, 800px\" \/><\/p>\n<p data-start=\"1986\" data-end=\"2193\">\n","protected":false},"excerpt":{"rendered":"<p>En el marco del\u00a0D\u00eda Internacional de la Danza, el Ministerio de Turismo, Cultura y Deporte del Gobierno de San Juan<\/p>\n","protected":false},"author":3,"featured_media":38053,"comment_status":"closed","ping_status":"closed","sticky":false,"template":"","format":"standard","meta":{"_acf_changed":false,"_seopress_robots_primary_cat":"none","_seopress_titles_title":"","_seopress_titles_desc":"","_seopress_robots_index":"","colormag_page_container_layout":"default_layout","colormag_page_sidebar_layout":"default_layout","footnotes":""},"categories":[1],"tags":[],"class_list":["post-99249","post","type-post","status-publish","format-standard","has-post-thumbnail","hentry","category-destacadas"],"acf":[],"_links":{"self":[{"href":"https:\/\/vocesparalelas.com.ar\/sitio\/wp-json\/wp\/v2\/posts\/99249","targetHints":{"allow":["GET"]}}],"collection":[{"href":"https:\/\/vocesparalelas.com.ar\/sitio\/wp-json\/wp\/v2\/posts"}],"about":[{"href":"https:\/\/vocesparalelas.com.ar\/sitio\/wp-json\/wp\/v2\/types\/post"}],"author":[{"embeddable":true,"href":"https:\/\/vocesparalelas.com.ar\/sitio\/wp-json\/wp\/v2\/users\/3"}],"replies":[{"embeddable":true,"href":"https:\/\/vocesparalelas.com.ar\/sitio\/wp-json\/wp\/v2\/comments?post=99249"}],"version-history":[{"count":1,"href":"https:\/\/vocesparalelas.com.ar\/sitio\/wp-json\/wp\/v2\/posts\/99249\/revisions"}],"predecessor-version":[{"id":99252,"href":"https:\/\/vocesparalelas.com.ar\/sitio\/wp-json\/wp\/v2\/posts\/99249\/revisions\/99252"}],"wp:featuredmedia":[{"embeddable":true,"href":"https:\/\/vocesparalelas.com.ar\/sitio\/wp-json\/wp\/v2\/media\/38053"}],"wp:attachment":[{"href":"https:\/\/vocesparalelas.com.ar\/sitio\/wp-json\/wp\/v2\/media?parent=99249"}],"wp:term":[{"taxonomy":"category","embeddable":true,"href":"https:\/\/vocesparalelas.com.ar\/sitio\/wp-json\/wp\/v2\/categories?post=99249"},{"taxonomy":"post_tag","embeddable":true,"href":"https:\/\/vocesparalelas.com.ar\/sitio\/wp-json\/wp\/v2\/tags?post=99249"}],"curies":[{"name":"wp","href":"https:\/\/api.w.org\/{rel}","templated":true}]}}