{"id":99244,"date":"2026-04-28T17:55:39","date_gmt":"2026-04-28T20:55:39","guid":{"rendered":"https:\/\/vocesparalelas.com.ar\/sitio\/?p=99244"},"modified":"2026-04-28T17:55:39","modified_gmt":"2026-04-28T20:55:39","slug":"banco-san-juan-lanzo-su-nueva-propuesta-de-seguros-corporativos-para-empresas-agro-y-mineria","status":"publish","type":"post","link":"https:\/\/vocesparalelas.com.ar\/sitio\/banco-san-juan-lanzo-su-nueva-propuesta-de-seguros-corporativos-para-empresas-agro-y-mineria\/","title":{"rendered":"Banco San Juan lanz\u00f3 su nueva propuesta de Seguros Corporativos para Empresas, Agro y Miner\u00eda"},"content":{"rendered":"<p>Una soluci\u00f3n integral para acompa\u00f1ar el crecimiento del sector productivo y de las econom\u00edas regionales.<\/p>\n<p>Banco San Juan present\u00f3 su nueva propuesta de Seguros Corporativos para Empresas, una iniciativa dise\u00f1ada para brindar soluciones \u00e1giles, confiables y adaptadas a las necesidades del entramado productivo de la provincia.<\/p>\n<p>La propuesta busca acompa\u00f1ar el crecimiento de empresas de distintos sectores, incluyendo industria, servicios, miner\u00eda y agro, ofreciendo herramientas para proteger la actividad productiva y fortalecer el desarrollo econ\u00f3mico regional.<\/p>\n<p>La nueva oferta incluye una amplia gama de coberturas, entre las que se destacan:<\/p>\n<ul>\n<li>Seguro de Riesgos del Trabajo (ART)<\/li>\n<li>Seguro de cauci\u00f3n<\/li>\n<li>Seguro para flotas de veh\u00edculos<\/li>\n<li>Seguro todo riesgo operativo<\/li>\n<li>Seguro de responsabilidad civil, D&amp;O y E&amp;O<\/li>\n<li>Seguro de cr\u00e9dito<\/li>\n<li>Seguros para el Agro<\/li>\n<\/ul>\n<p>Las coberturas cuentan con el respaldo de aseguradoras l\u00edderes del mercado, combinando experiencia t\u00e9cnica y el acompa\u00f1amiento cercano que caracteriza a Banco San Juan en su relaci\u00f3n con las empresas y productores de la provincia.<\/p>\n<p>Los interesados pueden acercarse a su Centro de Negocios o contactar a su Oficial de Negocios para conocer las coberturas disponibles y recibir asesoramiento personalizado. Tambi\u00e9n pueden obtener m\u00e1s informaci\u00f3n ingresando en:<\/p>\n<p><a href=\"https:\/\/www.bancosanjuan.com\/empresas\/seguros\">https:\/\/www.bancosanjuan.com\/empresas\/seguros<\/a><\/p>\n<p>\u201cSabemos que detr\u00e1s de cada empresa y cada productor hay inversi\u00f3n, trabajo y desarrollo regional. Con esta propuesta buscamos acompa\u00f1arlos con soluciones que protejan su actividad y les permitan seguir creciendo\u201d, expresaron desde la entidad.<\/p>\n<p>Con esta iniciativa, Banco San Juan refuerza su compromiso con el desarrollo productivo de la provincia y con el acompa\u00f1amiento de las empresas y productores que impulsan su crecimiento.<\/p>\n<p><img loading=\"lazy\" decoding=\"async\" class=\"alignnone size-full wp-image-58744\" src=\"https:\/\/vocesparalelas.com.ar\/sitio\/wp-content\/uploads\/2023\/05\/BSJ-LOGO.jpg\" alt=\"\" width=\"800\" height=\"533\" srcset=\"https:\/\/vocesparalelas.com.ar\/sitio\/wp-content\/uploads\/2023\/05\/BSJ-LOGO.jpg 800w, https:\/\/vocesparalelas.com.ar\/sitio\/wp-content\/uploads\/2023\/05\/BSJ-LOGO-300x200.jpg 300w, https:\/\/vocesparalelas.com.ar\/sitio\/wp-content\/uploads\/2023\/05\/BSJ-LOGO-768x512.jpg 768w\" sizes=\"auto, (max-width: 800px) 100vw, 800px\" \/><\/p>\n<p>&nbsp;<\/p>\n","protected":false},"excerpt":{"rendered":"<p>Una soluci\u00f3n integral para acompa\u00f1ar el crecimiento del sector productivo y de las econom\u00edas regionales. Banco San Juan present\u00f3 su<\/p>\n","protected":false},"author":3,"featured_media":99247,"comment_status":"closed","ping_status":"closed","sticky":false,"template":"","format":"standard","meta":{"_acf_changed":false,"_seopress_robots_primary_cat":"none","_seopress_titles_title":"","_seopress_titles_desc":"","_seopress_robots_index":"","colormag_page_container_layout":"default_layout","colormag_page_sidebar_layout":"default_layout","footnotes":""},"categories":[1],"tags":[],"class_list":["post-99244","post","type-post","status-publish","format-standard","has-post-thumbnail","hentry","category-destacadas"],"acf":[],"_links":{"self":[{"href":"https:\/\/vocesparalelas.com.ar\/sitio\/wp-json\/wp\/v2\/posts\/99244","targetHints":{"allow":["GET"]}}],"collection":[{"href":"https:\/\/vocesparalelas.com.ar\/sitio\/wp-json\/wp\/v2\/posts"}],"about":[{"href":"https:\/\/vocesparalelas.com.ar\/sitio\/wp-json\/wp\/v2\/types\/post"}],"author":[{"embeddable":true,"href":"https:\/\/vocesparalelas.com.ar\/sitio\/wp-json\/wp\/v2\/users\/3"}],"replies":[{"embeddable":true,"href":"https:\/\/vocesparalelas.com.ar\/sitio\/wp-json\/wp\/v2\/comments?post=99244"}],"version-history":[{"count":1,"href":"https:\/\/vocesparalelas.com.ar\/sitio\/wp-json\/wp\/v2\/posts\/99244\/revisions"}],"predecessor-version":[{"id":99248,"href":"https:\/\/vocesparalelas.com.ar\/sitio\/wp-json\/wp\/v2\/posts\/99244\/revisions\/99248"}],"wp:featuredmedia":[{"embeddable":true,"href":"https:\/\/vocesparalelas.com.ar\/sitio\/wp-json\/wp\/v2\/media\/99247"}],"wp:attachment":[{"href":"https:\/\/vocesparalelas.com.ar\/sitio\/wp-json\/wp\/v2\/media?parent=99244"}],"wp:term":[{"taxonomy":"category","embeddable":true,"href":"https:\/\/vocesparalelas.com.ar\/sitio\/wp-json\/wp\/v2\/categories?post=99244"},{"taxonomy":"post_tag","embeddable":true,"href":"https:\/\/vocesparalelas.com.ar\/sitio\/wp-json\/wp\/v2\/tags?post=99244"}],"curies":[{"name":"wp","href":"https:\/\/api.w.org\/{rel}","templated":true}]}}