{"id":99227,"date":"2026-04-28T09:26:20","date_gmt":"2026-04-28T12:26:20","guid":{"rendered":"https:\/\/vocesparalelas.com.ar\/sitio\/?p=99227"},"modified":"2026-04-28T10:20:32","modified_gmt":"2026-04-28T13:20:32","slug":"se-acreditan-los-haberes-abril-2026-al-personal-de-la-administracion-publica-de-san-juan","status":"publish","type":"post","link":"https:\/\/vocesparalelas.com.ar\/sitio\/se-acreditan-los-haberes-abril-2026-al-personal-de-la-administracion-publica-de-san-juan\/","title":{"rendered":"Se acreditan los haberes \u00abAbril 2026\u00bb al Personal de la Administraci\u00f3n P\u00fablica de San Juan"},"content":{"rendered":"<p>El Ministerio de Econom\u00eda, Finanzas y Hacienda del Gobierno de San Juan informa que los haberes \u00abAbril 2026\u00bb al al Personal de la Administraci\u00f3n P\u00fablica se acreditan el Jueves, 30 de Abril.<\/p>\n<p><span style=\"color: #ff6600;\"><strong>Sector docente<\/strong><\/span><\/p>\n<p>&nbsp;<\/p>\n<p>&nbsp;<\/p>\n<blockquote class=\"wp-embedded-content\" data-secret=\"1afuhlUeqM\"><p><a href=\"https:\/\/vocesparalelas.com.ar\/sitio\/acuerdo-paritario-docente-entre-los-gremios-y-el-gobierno-de-san-juan\/\">Acuerdo Paritario Docente entre los Gremios y el Gobierno de San Juan<\/a><\/p><\/blockquote>\n<p><iframe loading=\"lazy\" class=\"wp-embedded-content\" sandbox=\"allow-scripts\" security=\"restricted\" style=\"position: absolute; visibility: hidden;\" title=\"\u00abAcuerdo Paritario Docente entre los Gremios y el Gobierno de San Juan\u00bb \u2014 Voces Paralelas\" src=\"https:\/\/vocesparalelas.com.ar\/sitio\/acuerdo-paritario-docente-entre-los-gremios-y-el-gobierno-de-san-juan\/embed\/#?secret=BARPnhrsLY#?secret=1afuhlUeqM\" data-secret=\"1afuhlUeqM\" width=\"600\" height=\"338\" frameborder=\"0\" marginwidth=\"0\" marginheight=\"0\" scrolling=\"no\"><\/iframe><\/p>\n","protected":false},"excerpt":{"rendered":"<p>El Ministerio de Econom\u00eda, Finanzas y Hacienda del Gobierno de San Juan informa que los haberes \u00abAbril 2026\u00bb al al<\/p>\n","protected":false},"author":3,"featured_media":5039,"comment_status":"closed","ping_status":"closed","sticky":false,"template":"","format":"standard","meta":{"_acf_changed":false,"_seopress_robots_primary_cat":"none","_seopress_titles_title":"","_seopress_titles_desc":"","_seopress_robots_index":"","colormag_page_container_layout":"default_layout","colormag_page_sidebar_layout":"default_layout","footnotes":""},"categories":[1],"tags":[],"class_list":["post-99227","post","type-post","status-publish","format-standard","has-post-thumbnail","hentry","category-destacadas"],"acf":[],"_links":{"self":[{"href":"https:\/\/vocesparalelas.com.ar\/sitio\/wp-json\/wp\/v2\/posts\/99227","targetHints":{"allow":["GET"]}}],"collection":[{"href":"https:\/\/vocesparalelas.com.ar\/sitio\/wp-json\/wp\/v2\/posts"}],"about":[{"href":"https:\/\/vocesparalelas.com.ar\/sitio\/wp-json\/wp\/v2\/types\/post"}],"author":[{"embeddable":true,"href":"https:\/\/vocesparalelas.com.ar\/sitio\/wp-json\/wp\/v2\/users\/3"}],"replies":[{"embeddable":true,"href":"https:\/\/vocesparalelas.com.ar\/sitio\/wp-json\/wp\/v2\/comments?post=99227"}],"version-history":[{"count":1,"href":"https:\/\/vocesparalelas.com.ar\/sitio\/wp-json\/wp\/v2\/posts\/99227\/revisions"}],"predecessor-version":[{"id":99230,"href":"https:\/\/vocesparalelas.com.ar\/sitio\/wp-json\/wp\/v2\/posts\/99227\/revisions\/99230"}],"wp:featuredmedia":[{"embeddable":true,"href":"https:\/\/vocesparalelas.com.ar\/sitio\/wp-json\/wp\/v2\/media\/5039"}],"wp:attachment":[{"href":"https:\/\/vocesparalelas.com.ar\/sitio\/wp-json\/wp\/v2\/media?parent=99227"}],"wp:term":[{"taxonomy":"category","embeddable":true,"href":"https:\/\/vocesparalelas.com.ar\/sitio\/wp-json\/wp\/v2\/categories?post=99227"},{"taxonomy":"post_tag","embeddable":true,"href":"https:\/\/vocesparalelas.com.ar\/sitio\/wp-json\/wp\/v2\/tags?post=99227"}],"curies":[{"name":"wp","href":"https:\/\/api.w.org\/{rel}","templated":true}]}}