{"id":99212,"date":"2026-04-27T22:51:21","date_gmt":"2026-04-28T01:51:21","guid":{"rendered":"https:\/\/vocesparalelas.com.ar\/sitio\/?p=99212"},"modified":"2026-04-27T23:00:39","modified_gmt":"2026-04-28T02:00:39","slug":"se-desarrollo-el-taller-preventivo-para-el-cuidado-de-la-voz-en-san-juan","status":"publish","type":"post","link":"https:\/\/vocesparalelas.com.ar\/sitio\/se-desarrollo-el-taller-preventivo-para-el-cuidado-de-la-voz-en-san-juan\/","title":{"rendered":"Se desarroll\u00f3 el Taller preventivo para el cuidado de la voz en San Juan"},"content":{"rendered":"<header class=\"cm-entry-header\">\n<p class=\"cm-entry-title\">El Hospital Dr. Marcial Quiroga del Ministerio de Salud del Gobierno de San Juan desarroll\u00f3 \u201cCuidando nuestras voces\u201d 2026 en el marco del D\u00eda Mundial de la Voz, que se conmemora cada 16 de Abril.<\/p>\n<\/header>\n<div class=\"cm-entry-summary\">\n<div class=\"itemFullText\">\n<p>En este contexto, los Servicios de Otorrinolaringolog\u00eda y Fonoaudiolog\u00eda del Hospital Dr. Marcial Quiroga invit\u00f3 a los docentes el Viernes, 24 de Abril, a las 10 hs.; en el SUM\u00a0 del Complejo Deportivo El Palomar de la Universidad Nacional de San Juan al Taller preventivo para el cuidado de la voz.<\/p>\n<p>Es as\u00ed que, Voces Paralelas desarroll\u00f3 una entrevista period\u00edstica al Direcci\u00f3n de Salud Universitaria de la UNSJ, Dr. Duilio G\u00f3mez, quien describi\u00f3 la necesidad del cuidado de la voz con la necesidad de hacerse los controles.<\/p>\n<p><iframe loading=\"lazy\" title=\"SAN JUAN UNSJ DR. DUILIO GOMEZ\" width=\"800\" height=\"450\" src=\"https:\/\/www.youtube.com\/embed\/kNILcY87t5U?feature=oembed\" frameborder=\"0\" allow=\"accelerometer; autoplay; clipboard-write; encrypted-media; gyroscope; picture-in-picture; web-share\" referrerpolicy=\"strict-origin-when-cross-origin\" allowfullscreen><\/iframe><\/p>\n<p>Posteriormente, la profesional del\u00a0 Hospital Dr. Marcial Quiroga, Lic. Sonia Belmonte, quien explic\u00f3 la necesidad del cuidado de la voz tanto de los docentes, cantantes, periodistas y dem\u00e1s personas que la usa como herramienta de su trabajo.<\/p>\n<p><iframe loading=\"lazy\" title=\"SAN JUAN LIC. SONIA BELMONTE\" width=\"800\" height=\"450\" src=\"https:\/\/www.youtube.com\/embed\/tD7gWBNSmic?feature=oembed\" frameborder=\"0\" allow=\"accelerometer; autoplay; clipboard-write; encrypted-media; gyroscope; picture-in-picture; web-share\" referrerpolicy=\"strict-origin-when-cross-origin\" allowfullscreen><\/iframe><\/p>\n<p>Finalmente, la profesional del\u00a0 Hospital Dr. Marcial Quiroga, Dra. Florencia Fern\u00e1ndez recalc\u00f3 la necesidad de prevenir ante cualquier cambio normal de la voz en su sonido habitual de la persona.<\/p>\n<p><iframe loading=\"lazy\" title=\"SAN JUAN DRA. FLORENCIA FERN\u00c1NDEZ \" width=\"800\" height=\"450\" src=\"https:\/\/www.youtube.com\/embed\/dqRT71LBNtY?feature=oembed\" frameborder=\"0\" allow=\"accelerometer; autoplay; clipboard-write; encrypted-media; gyroscope; picture-in-picture; web-share\" referrerpolicy=\"strict-origin-when-cross-origin\" allowfullscreen><\/iframe><\/p>\n<p>Durante la capacitaci\u00f3n la Lic. Sonia Belmonte, pidi\u00f3 a los presentes que definieran que es la voz y surgieron varias propuestas que enriquecieron el concepto.<\/p>\n<p><iframe loading=\"lazy\" title=\"SAN JUAN PREVENCI\u00d3N DE LA VOZ LIC. SONIA BELMONTE\" width=\"800\" height=\"450\" src=\"https:\/\/www.youtube.com\/embed\/yrGg1yDJJAw?feature=oembed\" frameborder=\"0\" allow=\"accelerometer; autoplay; clipboard-write; encrypted-media; gyroscope; picture-in-picture; web-share\" referrerpolicy=\"strict-origin-when-cross-origin\" allowfullscreen><\/iframe><\/p>\n<p><img loading=\"lazy\" decoding=\"async\" class=\"alignnone size-large wp-image-6496\" src=\"https:\/\/vocesparalelas.com.ar\/sitio\/wp-content\/uploads\/2017\/10\/EL-PALOMAR-16-800x450.jpg\" alt=\"\" width=\"800\" height=\"450\" srcset=\"https:\/\/vocesparalelas.com.ar\/sitio\/wp-content\/uploads\/2017\/10\/EL-PALOMAR-16-800x450.jpg 800w, https:\/\/vocesparalelas.com.ar\/sitio\/wp-content\/uploads\/2017\/10\/EL-PALOMAR-16-300x169.jpg 300w, https:\/\/vocesparalelas.com.ar\/sitio\/wp-content\/uploads\/2017\/10\/EL-PALOMAR-16-768x432.jpg 768w, https:\/\/vocesparalelas.com.ar\/sitio\/wp-content\/uploads\/2017\/10\/EL-PALOMAR-16.jpg 1024w\" sizes=\"auto, (max-width: 800px) 100vw, 800px\" \/><\/p>\n<p>&nbsp;<\/p>\n<\/div>\n<\/div>\n","protected":false},"excerpt":{"rendered":"<p>El Hospital Dr. Marcial Quiroga del Ministerio de Salud del Gobierno de San Juan desarroll\u00f3 \u201cCuidando nuestras voces\u201d 2026 en<\/p>\n","protected":false},"author":3,"featured_media":99215,"comment_status":"closed","ping_status":"closed","sticky":false,"template":"","format":"standard","meta":{"_acf_changed":false,"_seopress_robots_primary_cat":"none","_seopress_titles_title":"","_seopress_titles_desc":"","_seopress_robots_index":"","colormag_page_container_layout":"default_layout","colormag_page_sidebar_layout":"default_layout","footnotes":""},"categories":[1,7],"tags":[],"class_list":["post-99212","post","type-post","status-publish","format-standard","has-post-thumbnail","hentry","category-destacadas","category-videos"],"acf":[],"_links":{"self":[{"href":"https:\/\/vocesparalelas.com.ar\/sitio\/wp-json\/wp\/v2\/posts\/99212","targetHints":{"allow":["GET"]}}],"collection":[{"href":"https:\/\/vocesparalelas.com.ar\/sitio\/wp-json\/wp\/v2\/posts"}],"about":[{"href":"https:\/\/vocesparalelas.com.ar\/sitio\/wp-json\/wp\/v2\/types\/post"}],"author":[{"embeddable":true,"href":"https:\/\/vocesparalelas.com.ar\/sitio\/wp-json\/wp\/v2\/users\/3"}],"replies":[{"embeddable":true,"href":"https:\/\/vocesparalelas.com.ar\/sitio\/wp-json\/wp\/v2\/comments?post=99212"}],"version-history":[{"count":3,"href":"https:\/\/vocesparalelas.com.ar\/sitio\/wp-json\/wp\/v2\/posts\/99212\/revisions"}],"predecessor-version":[{"id":99218,"href":"https:\/\/vocesparalelas.com.ar\/sitio\/wp-json\/wp\/v2\/posts\/99212\/revisions\/99218"}],"wp:featuredmedia":[{"embeddable":true,"href":"https:\/\/vocesparalelas.com.ar\/sitio\/wp-json\/wp\/v2\/media\/99215"}],"wp:attachment":[{"href":"https:\/\/vocesparalelas.com.ar\/sitio\/wp-json\/wp\/v2\/media?parent=99212"}],"wp:term":[{"taxonomy":"category","embeddable":true,"href":"https:\/\/vocesparalelas.com.ar\/sitio\/wp-json\/wp\/v2\/categories?post=99212"},{"taxonomy":"post_tag","embeddable":true,"href":"https:\/\/vocesparalelas.com.ar\/sitio\/wp-json\/wp\/v2\/tags?post=99212"}],"curies":[{"name":"wp","href":"https:\/\/api.w.org\/{rel}","templated":true}]}}