{"id":99206,"date":"2026-04-27T21:58:38","date_gmt":"2026-04-28T00:58:38","guid":{"rendered":"https:\/\/vocesparalelas.com.ar\/sitio\/?p=99206"},"modified":"2026-04-27T21:59:28","modified_gmt":"2026-04-28T00:59:28","slug":"reconocimiento-a-docentes-de-san-juan-que-capacitaron-en-ia","status":"publish","type":"post","link":"https:\/\/vocesparalelas.com.ar\/sitio\/reconocimiento-a-docentes-de-san-juan-que-capacitaron-en-ia\/","title":{"rendered":"Reconocimiento a docentes de San Juan que capacitaron en IA"},"content":{"rendered":"<p>En el marco de los cursos dictados entre la Secretar\u00eda de Ciencia, Tecnolog\u00eda e Innovaci\u00f3n y Eidos Global, se hizo entrega de distinciones a los docentes del curso Alfabetizaci\u00f3n en IA, que previamente fueron capacitados a trav\u00e9s de Formaci\u00f3n de Formadores.<\/p>\n<p>Formaci\u00f3n de Formadores IA Esencia es un programa gratuito que est\u00e1 pensado para capacitar a personas que formen a alumnos mayores de 16 a\u00f1os y personas en edad laboral en alfabetizaci\u00f3n en IA y desarrollo de habilidades socioemocionales. Esta iniciativa ofrece nuevas oportunidades de inclusi\u00f3n digital en un mercado laboral en constante transformaci\u00f3n.<\/p>\n<p>Entre las tres primeras cohortes que realizaron el curso Formaci\u00f3n de Formadores IA Esencia se capacitaron 250 personas que luego fueron docentes de 800 alumnos en el curso de Alfabetizaci\u00f3n IA. Adem\u00e1s, hace algunos d\u00edas se anunci\u00f3 el lanzamiento de la cuarta cohorte, que comenzar\u00e1 las clases el 4 de mayo.<\/p>\n<p>Se hizo entrega de reconocimientos en el Centro de Econom\u00eda del Conocimiento e Innovaci\u00f3n. Con la presencia del secretario de Ciencia, Tecnolog\u00eda e Innovaci\u00f3n, Dr. Germ\u00e1n Von Euw y el director de Econom\u00eda del Conocimiento, Lic. Andr\u00e9s Menegazzo, se destac\u00f3 a los formadores que capacitaron a 800 sanjuaninos.<\/p>\n<p><strong><span style=\"color: #ff6600;\">Capacitadores docentes<\/span><\/strong><\/p>\n<ul>\n<li>Cintia Moll,<\/li>\n<li>Laura Clavijo,<\/li>\n<li>Maira Elizabeth Cejas,<\/li>\n<li>Eliana Celia,<\/li>\n<li>Rub\u00e9n Rojas,<\/li>\n<li>Agostina Teyo,<\/li>\n<li>Ricardo Marcelo Morales,<\/li>\n<li>Juan Jos\u00e9 Castro,<\/li>\n<li>Mariquena Valenzuela,<\/li>\n<li>Mathias Leonardo Ariza Oviedo,<\/li>\n<li>Daniel \u00c1lvarez y Cecilia Vanesa D\u00edaz Ca\u00f1ada<\/li>\n<\/ul>\n<p>Adem\u00e1s de entregar certificados con reconocimiento de la Junta de Clasificaci\u00f3n Docente a los formadores, se entregaron tablets Wacom para dibujo y clases digitales.<\/p>\n<p>De acuerdo con los objetivos previamente establecidos, la tablet se otorg\u00f3 por cantidad de alumnos capacitados, satisfacci\u00f3n de los mismos y compromiso y proactividad del formador.<\/p>\n<p>En este encuentro tambi\u00e9n se presentaron nuevas alternativas e instituciones que se suman a Formaci\u00f3n de Formadores IA Esencia. Fundaci\u00f3n COE (Centro Oncol\u00f3gico de Excelencia) dicta el curso a su comunidad de pacientes y al p\u00fablico en general, comenzando el 5 de mayo con unos 35 participantes. Laura Clavijo (Formadora EsencIA) dicta un curso presencial para llegar a la comunidad carente de dispositivos electr\u00f3nicos e Internet. Esta propuesta comenzar\u00e1 en mayo con 45 personas que asistir\u00e1n a la Escuela de Polic\u00eda D6.<\/p>\n<p><img loading=\"lazy\" decoding=\"async\" class=\"alignnone size-full wp-image-82498\" src=\"https:\/\/vocesparalelas.com.ar\/sitio\/wp-content\/uploads\/2025\/02\/CECI-FRENTE-01.jpg\" alt=\"\" width=\"800\" height=\"493\" srcset=\"https:\/\/vocesparalelas.com.ar\/sitio\/wp-content\/uploads\/2025\/02\/CECI-FRENTE-01.jpg 800w, https:\/\/vocesparalelas.com.ar\/sitio\/wp-content\/uploads\/2025\/02\/CECI-FRENTE-01-300x185.jpg 300w, https:\/\/vocesparalelas.com.ar\/sitio\/wp-content\/uploads\/2025\/02\/CECI-FRENTE-01-768x473.jpg 768w\" sizes=\"auto, (max-width: 800px) 100vw, 800px\" \/><\/p>\n<p>&nbsp;<\/p>\n<p>&nbsp;<\/p>\n","protected":false},"excerpt":{"rendered":"<p>En el marco de los cursos dictados entre la Secretar\u00eda de Ciencia, Tecnolog\u00eda e Innovaci\u00f3n y Eidos Global, se hizo<\/p>\n","protected":false},"author":3,"featured_media":99209,"comment_status":"closed","ping_status":"closed","sticky":false,"template":"","format":"standard","meta":{"_acf_changed":false,"_seopress_robots_primary_cat":"none","_seopress_titles_title":"","_seopress_titles_desc":"","_seopress_robots_index":"","colormag_page_container_layout":"default_layout","colormag_page_sidebar_layout":"default_layout","footnotes":""},"categories":[1],"tags":[],"class_list":["post-99206","post","type-post","status-publish","format-standard","has-post-thumbnail","hentry","category-destacadas"],"acf":[],"_links":{"self":[{"href":"https:\/\/vocesparalelas.com.ar\/sitio\/wp-json\/wp\/v2\/posts\/99206","targetHints":{"allow":["GET"]}}],"collection":[{"href":"https:\/\/vocesparalelas.com.ar\/sitio\/wp-json\/wp\/v2\/posts"}],"about":[{"href":"https:\/\/vocesparalelas.com.ar\/sitio\/wp-json\/wp\/v2\/types\/post"}],"author":[{"embeddable":true,"href":"https:\/\/vocesparalelas.com.ar\/sitio\/wp-json\/wp\/v2\/users\/3"}],"replies":[{"embeddable":true,"href":"https:\/\/vocesparalelas.com.ar\/sitio\/wp-json\/wp\/v2\/comments?post=99206"}],"version-history":[{"count":1,"href":"https:\/\/vocesparalelas.com.ar\/sitio\/wp-json\/wp\/v2\/posts\/99206\/revisions"}],"predecessor-version":[{"id":99210,"href":"https:\/\/vocesparalelas.com.ar\/sitio\/wp-json\/wp\/v2\/posts\/99206\/revisions\/99210"}],"wp:featuredmedia":[{"embeddable":true,"href":"https:\/\/vocesparalelas.com.ar\/sitio\/wp-json\/wp\/v2\/media\/99209"}],"wp:attachment":[{"href":"https:\/\/vocesparalelas.com.ar\/sitio\/wp-json\/wp\/v2\/media?parent=99206"}],"wp:term":[{"taxonomy":"category","embeddable":true,"href":"https:\/\/vocesparalelas.com.ar\/sitio\/wp-json\/wp\/v2\/categories?post=99206"},{"taxonomy":"post_tag","embeddable":true,"href":"https:\/\/vocesparalelas.com.ar\/sitio\/wp-json\/wp\/v2\/tags?post=99206"}],"curies":[{"name":"wp","href":"https:\/\/api.w.org\/{rel}","templated":true}]}}