{"id":99189,"date":"2026-04-27T19:40:30","date_gmt":"2026-04-27T22:40:30","guid":{"rendered":"https:\/\/vocesparalelas.com.ar\/sitio\/?p=99189"},"modified":"2026-04-27T19:40:30","modified_gmt":"2026-04-27T22:40:30","slug":"presentacion-del-manual-de-politica-de-persecucion-penal-en-san-juan","status":"publish","type":"post","link":"https:\/\/vocesparalelas.com.ar\/sitio\/presentacion-del-manual-de-politica-de-persecucion-penal-en-san-juan\/","title":{"rendered":"Presentaci\u00f3n del Manual de Pol\u00edtica de Persecuci\u00f3n Penal en San Juan"},"content":{"rendered":"<p>El Presidente de la Corte de Justicia de San Juan, Dr. Daniel Olivares Yapur, integr\u00f3 la mesa de autoridades del acto de \u201cPresentaci\u00f3n del Manual de Pol\u00edtica de Persecuci\u00f3n Penal\u201d, junto al Vicegobernador, Dr. Fabi\u00e1n Mart\u00edn; el Fiscal General de la Corte, Dr. Guillermo Baigorr\u00ed; el Secretario de Estado de Seguridad y Orden P\u00fablico, Dr. Enrique Delgado y la Sra. Defensora General ante la Corte, Dra. M\u00f3nica Sefair.<\/p>\n<p>En las palabras de apertura, el Vicegobernador Dr. Fabi\u00e1n Mart\u00edn se\u00f1al\u00f3 que \u201ces muy importante darles reglas claras de juego para poder manejarse dentro del marco de la razonabilidad que tiene la justicia, porque despu\u00e9s del derecho a la vida, uno de los derechos m\u00e1s importantes, sin duda, es el derecho a la seguridad. Por lo tanto, los felicito y los insto a que sigamos cuidando esta calidad de vida que tenemos los sanjuaninos y tratar de mejorarla d\u00eda a d\u00eda\u201d.<\/p>\n<p>Por su parte, el Fiscal General de la Corte, Dr. Guillermo Baigorr\u00ed explic\u00f3 que \u201cEe este valioso compendio se destacan diferentes tem\u00e1ticas, como son el rol del Ministerio P\u00fablico Fiscal, su autonom\u00eda funcional y modos de actuaci\u00f3n para todos los miembros del Ministerio P\u00fablico y la Polic\u00eda de la Provincia ,que cumple funciones en la investigaci\u00f3n. Tambi\u00e9n pautas claras para el abordaje de los delitos (\u2026), la presencia en el lugar de los hechos, la preservaci\u00f3n de la escena del crimen, la cadena de custodia y los medios probatorios, entre otros\u201d.<\/p>\n<p>El Presidente de la Corte de Justicia, Dr. Olivares Yapur, en declaraciones p\u00fablicas, manifest\u00f3 que \u201cla Corte de Justicia acompa\u00f1a esta iniciativa del Sr. Fiscal General, porque es important\u00edsimo tener previsibilidad en toda la actuaci\u00f3n del Ministerio P\u00fablico Fiscal, porque se adec\u00faa la actuaci\u00f3n de la Polic\u00eda (&#8230;), toda la estrategia, la log\u00edstica frente al hecho criminal; de manera que es considerado como un hecho hist\u00f3rico para San Juan. Nunca antes hemos tenido un Manual de Pol\u00edtica de Persecuci\u00f3n Criminal. Es muy trascendente para el resultado final, Justicia, que lo logramos trabajando en conjunto\u201d.<\/p>\n<p>El acto se realiz\u00f3 el 27 de abril en la Sala Auditorio Emar Acosta en el Anexo Legislatura Provincia) y cont\u00f3 con la presencia de Ministros y funcionarios del Poder Ejecutivo, legisladores nacionales y provinciales; autoridades y miembros de las fuerzas de seguridad y funcionarios del Ministerio P\u00fablico, entre otros.<\/p>\n<p>El Manual de Pol\u00edticas de Persecuci\u00f3n Penal es una herramienta que establece los criterios generales que orientan el ejercicio de la acci\u00f3n penal p\u00fablica en la provincia de San Juan. Con eje en la transparencia, la previsibilidad y la seguridad jur\u00eddica.<\/p>\n<p>La Comisi\u00f3n Redactora de la Pol\u00edtica Criminal que elabor\u00f3 el manual fue creada el 17 de Diciembre de 2025 y est\u00e1 conformada de la siguiente manera:<\/p>\n<p>Presidente, el Fiscal General, Dr. Baigorr\u00ed; en Coordinaci\u00f3n General de la Comisi\u00f3n, Dr. Fabi\u00e1n Mel\u00f3, Dr. Jorge Albarrac\u00edn y Dr. Rodrigo Zabaleta (integran el equipo de Fiscal\u00eda General); por la Fiscal\u00eda de Impugnaci\u00f3n, Dr. Fabrizio M\u00e9ndici; por la Unidad Fiscal de Investigaci\u00f3n (UFI) Delitos Especiales, Dr. Iv\u00e1n Grassi; por la UFI Delitos contra la Propiedad, Dra. Claudia Salica; por la UFI CAVIG, Dr. Roberto Ginsberg; por la UFI ANIVI, Dra. Valentina Bucciarelli; por la UFI Gen\u00e9rica, Dr. Ignacio Achem; por la UFI Flagrancia, Dra. Virginia Branca; por la UFI Delitos Inform\u00e1ticos y Estafas, Dr. Pablo Mart\u00edn; por la UFI del Norte, Dr. Sohar Aballay; por la Secretar\u00eda de Estado de Seguridad, Dr. Osvaldo Ontiveros (Asesor Letrado); en representaci\u00f3n de la Polic\u00eda de San Juan, Comisario Mayor, Marcelo Llanos. Y en representaci\u00f3n del Servicio Penitenciario Provincial, Alcaide Mayor Lic. Patricia Salinas. Por la Legislatura Provincial, el diputado Dr. Juan de la Cruz C\u00f3rdoba y la diputada Dra. Fernanda Paredes.<\/p>\n<p><img loading=\"lazy\" decoding=\"async\" class=\"alignnone size-full wp-image-99193\" src=\"https:\/\/vocesparalelas.com.ar\/sitio\/wp-content\/uploads\/2026\/04\/CORTE-JUSTICIA-LIBRO-02.jpg\" alt=\"\" width=\"800\" height=\"450\" srcset=\"https:\/\/vocesparalelas.com.ar\/sitio\/wp-content\/uploads\/2026\/04\/CORTE-JUSTICIA-LIBRO-02.jpg 800w, https:\/\/vocesparalelas.com.ar\/sitio\/wp-content\/uploads\/2026\/04\/CORTE-JUSTICIA-LIBRO-02-300x169.jpg 300w, https:\/\/vocesparalelas.com.ar\/sitio\/wp-content\/uploads\/2026\/04\/CORTE-JUSTICIA-LIBRO-02-768x432.jpg 768w\" sizes=\"auto, (max-width: 800px) 100vw, 800px\" \/><\/p>\n<p>&nbsp;<\/p>\n","protected":false},"excerpt":{"rendered":"<p>El Presidente de la Corte de Justicia de San Juan, Dr. Daniel Olivares Yapur, integr\u00f3 la mesa de autoridades del<\/p>\n","protected":false},"author":3,"featured_media":99192,"comment_status":"closed","ping_status":"closed","sticky":false,"template":"","format":"standard","meta":{"_acf_changed":false,"_seopress_robots_primary_cat":"none","_seopress_titles_title":"","_seopress_titles_desc":"","_seopress_robots_index":"","colormag_page_container_layout":"default_layout","colormag_page_sidebar_layout":"default_layout","footnotes":""},"categories":[1],"tags":[],"class_list":["post-99189","post","type-post","status-publish","format-standard","has-post-thumbnail","hentry","category-destacadas"],"acf":[],"_links":{"self":[{"href":"https:\/\/vocesparalelas.com.ar\/sitio\/wp-json\/wp\/v2\/posts\/99189","targetHints":{"allow":["GET"]}}],"collection":[{"href":"https:\/\/vocesparalelas.com.ar\/sitio\/wp-json\/wp\/v2\/posts"}],"about":[{"href":"https:\/\/vocesparalelas.com.ar\/sitio\/wp-json\/wp\/v2\/types\/post"}],"author":[{"embeddable":true,"href":"https:\/\/vocesparalelas.com.ar\/sitio\/wp-json\/wp\/v2\/users\/3"}],"replies":[{"embeddable":true,"href":"https:\/\/vocesparalelas.com.ar\/sitio\/wp-json\/wp\/v2\/comments?post=99189"}],"version-history":[{"count":1,"href":"https:\/\/vocesparalelas.com.ar\/sitio\/wp-json\/wp\/v2\/posts\/99189\/revisions"}],"predecessor-version":[{"id":99194,"href":"https:\/\/vocesparalelas.com.ar\/sitio\/wp-json\/wp\/v2\/posts\/99189\/revisions\/99194"}],"wp:featuredmedia":[{"embeddable":true,"href":"https:\/\/vocesparalelas.com.ar\/sitio\/wp-json\/wp\/v2\/media\/99192"}],"wp:attachment":[{"href":"https:\/\/vocesparalelas.com.ar\/sitio\/wp-json\/wp\/v2\/media?parent=99189"}],"wp:term":[{"taxonomy":"category","embeddable":true,"href":"https:\/\/vocesparalelas.com.ar\/sitio\/wp-json\/wp\/v2\/categories?post=99189"},{"taxonomy":"post_tag","embeddable":true,"href":"https:\/\/vocesparalelas.com.ar\/sitio\/wp-json\/wp\/v2\/tags?post=99189"}],"curies":[{"name":"wp","href":"https:\/\/api.w.org\/{rel}","templated":true}]}}