{"id":99185,"date":"2026-04-27T19:05:50","date_gmt":"2026-04-27T22:05:50","guid":{"rendered":"https:\/\/vocesparalelas.com.ar\/sitio\/?p=99185"},"modified":"2026-04-29T18:17:38","modified_gmt":"2026-04-29T21:17:38","slug":"dia-internacional-del-jazz-en-san-juan-en-el-chalet-cantoni","status":"publish","type":"post","link":"https:\/\/vocesparalelas.com.ar\/sitio\/dia-internacional-del-jazz-en-san-juan-en-el-chalet-cantoni\/","title":{"rendered":"D\u00eda Internacional del Jazz en San Juan en el Chalet Cantoni"},"content":{"rendered":"<p>En el marco del D\u00eda Internacional del Jazz, el Jueves, 30 de Abril, a las 19 hs.; en el Chalet Cantoni, con entrada libre y gratuita.<\/p>\n<p>San Juan es escenario de una gran celebraci\u00f3n que combinar\u00e1 m\u00fasica en vivo, reflexi\u00f3n y propuestas culturales para la comunidad interesada.<\/p>\n<p>La actividad, organizada por la Fundaci\u00f3n Circuito Argentino de Jazz en colaboraci\u00f3n con el Ministerio de Turismo, Cultura y Deporte del Gobierno de San Juan, tendr\u00e1 lugar a partir de las 19 en el Chalet Cantoni, con entrada libre y gratuita.<\/p>\n<p>La fecha fue proclamada en Noviembre de 2011 por la UNESCO\u00a0con el objetivo de destacar al jazz como una herramienta de paz, di\u00e1logo intercultural y entendimiento entre los pueblos.<\/p>\n<p>Cada a\u00f1o, la celebraci\u00f3n pone en valor el rol del g\u00e9nero como promotor de la diversidad, la libertad de expresi\u00f3n, la igualdad de g\u00e9nero y el respeto por los derechos humanos.<\/p>\n<p>La jornada tendr\u00e1 dos momentos centrales. En primer lugar, se llevar\u00e1 a cabo una instancia reflexiva con la participaci\u00f3n de referentes de la comunidad, organizaciones sociales y ONGs, quienes debatir\u00e1n sobre los desaf\u00edos actuales vinculados a la paz, la tolerancia, la igualdad y la dignidad humana.<\/p>\n<p>Luego, el p\u00fablico puede disfrutar de un concierto de jazz en vivo con destacados m\u00fasicos de la escena local<\/p>\n<ul>\n<li>Elmer Meza,<\/li>\n<li>Ayel\u00e9n Salinas,<\/li>\n<li>Mart\u00edn Castro,<\/li>\n<li>Ariel Aballay,<\/li>\n<li>Santiago Garz\u00f3n,<\/li>\n<li>Nicol\u00e1s Bustos,<\/li>\n<li>Delfina Maschio,<\/li>\n<li>Leo Francile y<\/li>\n<li>Orlando Tejada.<\/li>\n<\/ul>\n<p>La propuesta art\u00edstica recorre distintos momentos de la historia del jazz, con una puesta en escena din\u00e1mica en la que los artistas se suman progresivamente hasta conformar una gran formaci\u00f3n colectiva, s\u00edmbolo de la uni\u00f3n y el esp\u00edritu colaborativo del g\u00e9nero.<\/p>\n<p>La velada culmina con un patio gastron\u00f3mico a cargo de empresas locales, que ofrecer\u00e1n una variada propuesta para completar una experiencia cultural integral.<\/p>\n<p>Este evento se realiza en la provincia desde 2017, consolid\u00e1ndose como un espacio de encuentro art\u00edstico y social de gran relevancia.<\/p>\n<p>En este sentido, la Fundaci\u00f3n Circuito Argentino de Jazz reafirma su compromiso con la difusi\u00f3n del jazz como lenguaje universal de transformaci\u00f3n social e invita a toda la comunidad a sumarse a esta celebraci\u00f3n participativa.<\/p>\n<figure id=\"attachment_46297\" aria-describedby=\"caption-attachment-46297\" style=\"width: 782px\" class=\"wp-caption alignnone\"><img loading=\"lazy\" decoding=\"async\" class=\"size-full wp-image-46297\" src=\"https:\/\/vocesparalelas.com.ar\/sitio\/wp-content\/uploads\/2022\/02\/CHALET-CANTONI.jpg\" alt=\"\" width=\"782\" height=\"440\" srcset=\"https:\/\/vocesparalelas.com.ar\/sitio\/wp-content\/uploads\/2022\/02\/CHALET-CANTONI.jpg 782w, https:\/\/vocesparalelas.com.ar\/sitio\/wp-content\/uploads\/2022\/02\/CHALET-CANTONI-300x169.jpg 300w, https:\/\/vocesparalelas.com.ar\/sitio\/wp-content\/uploads\/2022\/02\/CHALET-CANTONI-768x432.jpg 768w\" sizes=\"auto, (max-width: 782px) 100vw, 782px\" \/><figcaption id=\"caption-attachment-46297\" class=\"wp-caption-text\">Chalet Cantoni, Departamento Rivadavia, Provincia San Juan, Rep\u00fablica Argentita<\/figcaption><\/figure>\n","protected":false},"excerpt":{"rendered":"<p>En el marco del D\u00eda Internacional del Jazz, el Jueves, 30 de Abril, a las 19 hs.; en el Chalet<\/p>\n","protected":false},"author":3,"featured_media":23760,"comment_status":"closed","ping_status":"closed","sticky":false,"template":"","format":"standard","meta":{"_acf_changed":false,"_seopress_robots_primary_cat":"none","_seopress_titles_title":"","_seopress_titles_desc":"","_seopress_robots_index":"","colormag_page_container_layout":"default_layout","colormag_page_sidebar_layout":"default_layout","footnotes":""},"categories":[20],"tags":[],"class_list":["post-99185","post","type-post","status-publish","format-standard","has-post-thumbnail","hentry","category-cartelera"],"acf":[],"_links":{"self":[{"href":"https:\/\/vocesparalelas.com.ar\/sitio\/wp-json\/wp\/v2\/posts\/99185","targetHints":{"allow":["GET"]}}],"collection":[{"href":"https:\/\/vocesparalelas.com.ar\/sitio\/wp-json\/wp\/v2\/posts"}],"about":[{"href":"https:\/\/vocesparalelas.com.ar\/sitio\/wp-json\/wp\/v2\/types\/post"}],"author":[{"embeddable":true,"href":"https:\/\/vocesparalelas.com.ar\/sitio\/wp-json\/wp\/v2\/users\/3"}],"replies":[{"embeddable":true,"href":"https:\/\/vocesparalelas.com.ar\/sitio\/wp-json\/wp\/v2\/comments?post=99185"}],"version-history":[{"count":1,"href":"https:\/\/vocesparalelas.com.ar\/sitio\/wp-json\/wp\/v2\/posts\/99185\/revisions"}],"predecessor-version":[{"id":99188,"href":"https:\/\/vocesparalelas.com.ar\/sitio\/wp-json\/wp\/v2\/posts\/99185\/revisions\/99188"}],"wp:featuredmedia":[{"embeddable":true,"href":"https:\/\/vocesparalelas.com.ar\/sitio\/wp-json\/wp\/v2\/media\/23760"}],"wp:attachment":[{"href":"https:\/\/vocesparalelas.com.ar\/sitio\/wp-json\/wp\/v2\/media?parent=99185"}],"wp:term":[{"taxonomy":"category","embeddable":true,"href":"https:\/\/vocesparalelas.com.ar\/sitio\/wp-json\/wp\/v2\/categories?post=99185"},{"taxonomy":"post_tag","embeddable":true,"href":"https:\/\/vocesparalelas.com.ar\/sitio\/wp-json\/wp\/v2\/tags?post=99185"}],"curies":[{"name":"wp","href":"https:\/\/api.w.org\/{rel}","templated":true}]}}