{"id":99179,"date":"2026-04-27T12:11:01","date_gmt":"2026-04-27T15:11:01","guid":{"rendered":"https:\/\/vocesparalelas.com.ar\/sitio\/?p=99179"},"modified":"2026-04-27T12:11:01","modified_gmt":"2026-04-27T15:11:01","slug":"campana-en-el-dia-del-animal-en-san-juan","status":"publish","type":"post","link":"https:\/\/vocesparalelas.com.ar\/sitio\/campana-en-el-dia-del-animal-en-san-juan\/","title":{"rendered":"Campa\u00f1a en el D\u00eda del Animal en San Juan"},"content":{"rendered":"<p>En el marco del D\u00eda del Animal, la Secretar\u00eda de Ambiente y Desarrollo Sustentable del Gobierno de San Juan despliega una serie de operativos territoriales que combinan colocaci\u00f3n gratuita de vacunas con educaci\u00f3n para el cuidado responsable de mascotas.<\/p>\n<p>La propuesta recorre distintos puntos de la provincia de San Juan y suma un eje de concientizar sobre la importancia los derechos de los animales y las normativas provinciales que los protegen. Adem\u00e1s, brindar servicios gratuitos, de vacunaci\u00f3n, desparasitaci\u00f3n y colocaci\u00f3n de pipetas.<\/p>\n<p data-start=\"872\" data-end=\"1197\"><strong><span style=\"color: #ff6600;\">Cronograma<\/span><\/strong><\/p>\n<ul>\n<li data-start=\"872\" data-end=\"1197\">Domingo, 26 de Abril, a las 16:30 hs.; en el Parque de Mayo, donde la comunidad puede acercarse desde\u00a0 al stand de Urquiza y 25 de Mayo. All\u00ed se brindar\u00e1n servicios de vacunaci\u00f3n, desparasitaci\u00f3n y colocaci\u00f3n de pipetas, junto con juegos educativos para chicos y espacios de informaci\u00f3n.<\/li>\n<li data-start=\"872\" data-end=\"1197\">Martes 28 de Abril, a las 10 horas. en Rivadavia, en el boulevard del Barrio Piuquen, Olmedo y Cal\u00edvar.<\/li>\n<li data-start=\"872\" data-end=\"1197\">Mi\u00e9rcoles 29 de Abril,, d\u00eda del animal, la propuesta tambi\u00e9n llegar\u00e1 al \u00e1mbito educativo con una charla en la Escuela \u00c1ngel D. Rojas, donde estudiantes participar\u00e1n de una jornada de concientizaci\u00f3n sobre el cuidado de los animales, incorporando conceptos de medicina preventiva, respeto por la vida y responsabilidad ciudadana desde edades tempranas, derechos de los animales y legislaci\u00f3n vigente en la provincia, acercando a la comunidad herramientas concretas para actuar frente a situaciones de maltrato o abandono.<\/li>\n<li data-start=\"872\" data-end=\"1197\">En el Departamento 9 de Julio, en la plaza Mar\u00eda Rosa M\u00edstica de Alto de Sierra, desde las 18, incorporando propuestas del Parque de la Biodiversidad. Finalmente, el martes 5 de mayo ser\u00e1 el turno de Ullum, en la plaza Fabi\u00e1n Alfaro del barrio Agapito Gil, desde las 14:30, con el mismo esquema de atenci\u00f3n y concientizaci\u00f3n.<\/li>\n<\/ul>\n<p data-start=\"2299\" data-end=\"2654\">Durante todas las jornadas, se har\u00e1 especial hincapi\u00e9 en los cuidados b\u00e1sicos de las mascotas, como la vacunaci\u00f3n anual, la desparasitaci\u00f3n peri\u00f3dica y el uso de pipetas para prevenir enfermedades. Estas acciones forman parte de la medicina preventiva, una herramienta fundamental para evitar problemas de salud tanto en los animales como en las personas.<\/p>\n<p data-start=\"2656\" data-end=\"2994\">Adem\u00e1s, se informa sobre las ventajas de la esterilizaci\u00f3n, una pr\u00e1ctica que no solo mejora la calidad de vida de perros y gatos, sino que tambi\u00e9n contribuye a prevenir la sobrepoblaci\u00f3n y el abandono. Esterilizar es una decisi\u00f3n responsable que reduce riesgos de enfermedades y promueve una convivencia m\u00e1s equilibrada en la comunidad.<\/p>\n<p data-start=\"2996\" data-end=\"3314\">El objetivo de este despliegue territorial refleja un cambio concreto para quienes no pod\u00edan acceder f\u00e1cilmente a estos servicios b\u00e1sicos; hoy, el Estado llega al barrio con soluciones pr\u00e1cticas y gratuitas. Esto no solo mejora la salud de los animales, sino que impacta directamente en la calidad de vida de la comunidad.<\/p>\n<p data-start=\"2996\" data-end=\"3314\"><img loading=\"lazy\" decoding=\"async\" class=\"alignnone size-large wp-image-18375\" src=\"https:\/\/vocesparalelas.com.ar\/sitio\/wp-content\/uploads\/2019\/01\/AMBIENTE-CARTEL-800x496.jpg\" alt=\"\" width=\"800\" height=\"496\" srcset=\"https:\/\/vocesparalelas.com.ar\/sitio\/wp-content\/uploads\/2019\/01\/AMBIENTE-CARTEL-800x496.jpg 800w, https:\/\/vocesparalelas.com.ar\/sitio\/wp-content\/uploads\/2019\/01\/AMBIENTE-CARTEL-300x186.jpg 300w, https:\/\/vocesparalelas.com.ar\/sitio\/wp-content\/uploads\/2019\/01\/AMBIENTE-CARTEL-768x476.jpg 768w, https:\/\/vocesparalelas.com.ar\/sitio\/wp-content\/uploads\/2019\/01\/AMBIENTE-CARTEL.jpg 1000w\" sizes=\"auto, (max-width: 800px) 100vw, 800px\" \/><\/p>\n","protected":false},"excerpt":{"rendered":"<p>En el marco del D\u00eda del Animal, la Secretar\u00eda de Ambiente y Desarrollo Sustentable del Gobierno de San Juan despliega<\/p>\n","protected":false},"author":3,"featured_media":69642,"comment_status":"closed","ping_status":"closed","sticky":false,"template":"","format":"standard","meta":{"_acf_changed":false,"_seopress_robots_primary_cat":"none","_seopress_titles_title":"","_seopress_titles_desc":"","_seopress_robots_index":"","colormag_page_container_layout":"default_layout","colormag_page_sidebar_layout":"default_layout","footnotes":""},"categories":[1],"tags":[],"class_list":["post-99179","post","type-post","status-publish","format-standard","has-post-thumbnail","hentry","category-destacadas"],"acf":[],"_links":{"self":[{"href":"https:\/\/vocesparalelas.com.ar\/sitio\/wp-json\/wp\/v2\/posts\/99179","targetHints":{"allow":["GET"]}}],"collection":[{"href":"https:\/\/vocesparalelas.com.ar\/sitio\/wp-json\/wp\/v2\/posts"}],"about":[{"href":"https:\/\/vocesparalelas.com.ar\/sitio\/wp-json\/wp\/v2\/types\/post"}],"author":[{"embeddable":true,"href":"https:\/\/vocesparalelas.com.ar\/sitio\/wp-json\/wp\/v2\/users\/3"}],"replies":[{"embeddable":true,"href":"https:\/\/vocesparalelas.com.ar\/sitio\/wp-json\/wp\/v2\/comments?post=99179"}],"version-history":[{"count":1,"href":"https:\/\/vocesparalelas.com.ar\/sitio\/wp-json\/wp\/v2\/posts\/99179\/revisions"}],"predecessor-version":[{"id":99182,"href":"https:\/\/vocesparalelas.com.ar\/sitio\/wp-json\/wp\/v2\/posts\/99179\/revisions\/99182"}],"wp:featuredmedia":[{"embeddable":true,"href":"https:\/\/vocesparalelas.com.ar\/sitio\/wp-json\/wp\/v2\/media\/69642"}],"wp:attachment":[{"href":"https:\/\/vocesparalelas.com.ar\/sitio\/wp-json\/wp\/v2\/media?parent=99179"}],"wp:term":[{"taxonomy":"category","embeddable":true,"href":"https:\/\/vocesparalelas.com.ar\/sitio\/wp-json\/wp\/v2\/categories?post=99179"},{"taxonomy":"post_tag","embeddable":true,"href":"https:\/\/vocesparalelas.com.ar\/sitio\/wp-json\/wp\/v2\/tags?post=99179"}],"curies":[{"name":"wp","href":"https:\/\/api.w.org\/{rel}","templated":true}]}}