{"id":99168,"date":"2026-04-25T21:01:52","date_gmt":"2026-04-26T00:01:52","guid":{"rendered":"https:\/\/vocesparalelas.com.ar\/sitio\/?p=99168"},"modified":"2026-04-27T12:16:00","modified_gmt":"2026-04-27T15:16:00","slug":"llamar-a-las-cosas-por-su-nombre","status":"publish","type":"post","link":"https:\/\/vocesparalelas.com.ar\/sitio\/llamar-a-las-cosas-por-su-nombre\/","title":{"rendered":"Llamar a las cosas por su nombre\u2026"},"content":{"rendered":"<p>Por el Arzobispo de San Juan de Cuyo, Monse\u00f1or Jorge Lozano<\/p>\n<p>\u2026 significa decir la verdad sin dar vueltas. \u201cAl pan, pan, y al vino, vino\u201d. Pero m\u00e1s importante a\u00fan es llamar a las personas por su nombre. Cuando estamos en un lugar con mucha gente, nos gusta que nos reconozcan, que alguien nos salude por el nombre. Nos hace sentir que no estamos en el anonimato. Jes\u00fas nos conoce a cada uno de manera personal. Para \u00c9l no somos masa an\u00f3nima, sino amigos personales.<\/p>\n<p>Dios nos llama de la nada a la vida. Y por el bautismo nos convoca a ser parte de su familia, que es la Iglesia.<\/p>\n<p>Este cuarto domingo de Pascua, conocido como el del Buen Pastor, nos invita a contemplar a Jes\u00fas como gu\u00eda y amigo que da la vida por sus ovejas. Es una jornada especial para detenernos y escuchar su voz, redescubriendo que \u00c9l es el camino a la vida bella, plena y verdadera. En este d\u00eda, renovamos nuestro deseo de seguirlo, de afianzar nuestro v\u00ednculo personal con \u00c9l y de abrir el coraz\u00f3n a su llamado.<\/p>\n<p>Jes\u00fas no solo se\u00f1ala el camino, sino que se hace Camino. Su invitaci\u00f3n es personal: \u201cMis ovejas escuchan mi voz, yo las conozco y ellas me siguen\u201d (Jn 10,27). Seguir a Jes\u00fas es abrirse a la experiencia de una amistad viva, alegre y transformadora. Es \u00c9l quien nos conduce a la plenitud, quien nos ayuda a descubrir la belleza de la vida cuando se camina junto a \u00c9l, en confianza y libertad.<\/p>\n<p>En medio del ruido y las ocupaciones diarias, cuidar la interioridad es fundamental para cultivar una relaci\u00f3n profunda con Jes\u00fas. Nos referimos a ese espacio silencioso y personal donde podemos encontrarnos con el Buen Pastor, escuchar su voz y dejar que su presencia ilumine nuestras decisiones. All\u00ed, en lo m\u00e1s \u00edntimo, se gesta la verdadera amistad y crece el deseo de responder a su amor.<\/p>\n<p>La vocaci\u00f3n, en sus distintas formas, es ante todo un don que Dios nos regala por amor. Como expres\u00f3 el Papa Le\u00f3n XIV: \u201cLa vocaci\u00f3n es un don del amor de Dios, que se manifiesta en el coraz\u00f3n de quien escucha y responde\u201d (Le\u00f3n XIV, Mensaje para la Jornada Mundial de Oraci\u00f3n por las Vocaciones). Para acoger este don, es necesario crear un clima de escucha, oraci\u00f3n y apertura en nuestras comunidades y familias. S\u00f3lo as\u00ed podemos discernir y acoger la invitaci\u00f3n de Dios con libertad y alegr\u00eda.<\/p>\n<p>La oraci\u00f3n es el medio privilegiado para fortalecer nuestra amistad con Jes\u00fas y dejar que su amor transforme nuestro coraz\u00f3n. Orar es dialogar, es detenerse para escuchar, es abrirse a la acci\u00f3n del Esp\u00edritu. Al crecer en la oraci\u00f3n, experimentamos la alegr\u00eda de sabernos amados y llamados personalmente por Dios. Esta experiencia nos sostiene en el camino y nos anima a responder con generosidad.<\/p>\n<p>En el proceso vocacional, es fundamental aprender a discernir, a escuchar la voz de Dios que resuena en nuestro interior y en los acontecimientos de la vida. El discernimiento requiere tiempo, silencio y acompa\u00f1amiento. Nos invita a dialogar con Jes\u00fas, a preguntar y a confiar en su amor infinito, sabiendo que quien llama nunca abandona ni defrauda. Descubrir la propia vocaci\u00f3n es descubrir el proyecto de amor que Dios tiene para cada uno.<\/p>\n<p>En muchas di\u00f3cesis, este domingo se realiza la colecta para la formaci\u00f3n de los seminaristas, los futuros pastores. Es un gesto concreto de solidaridad y apoyo a quienes se preparan para servir seg\u00fan el coraz\u00f3n de Cristo. Animamos a todos a ser generosos, aportando no solo bienes materiales, sino tambi\u00e9n oraci\u00f3n y cercan\u00eda espiritual para que surjan y crezcan nuevas vocaciones sacerdotales.<\/p>\n<p>Ma\u00f1ana, 27 de abril, recordamos a Santo Toribio de Mogrovejo, patrono de los obispos de Am\u00e9rica Latina, ejemplo de entrega, celo pastoral y amor a la Iglesia. Pidamos su intercesi\u00f3n para que acompa\u00f1e y fortalezca a quienes hemos sido llamados a servir como pastores.<\/p>\n<p>El Domingo del Buen Pastor es una invitaci\u00f3n a renovar nuestra amistad con Jes\u00fas, a cuidar nuestra interioridad y a reconocer la vocaci\u00f3n como un regalo de Dios.<\/p>\n<p>&nbsp;<\/p>\n<p><iframe loading=\"lazy\" title=\"SAN JUAN MONSE\u00d1OR JORGE LOZANO \" width=\"800\" height=\"450\" src=\"https:\/\/www.youtube.com\/embed\/L0tJy5oPuGA?feature=oembed\" frameborder=\"0\" allow=\"accelerometer; autoplay; clipboard-write; encrypted-media; gyroscope; picture-in-picture; web-share\" referrerpolicy=\"strict-origin-when-cross-origin\" allowfullscreen><\/iframe><\/p>\n<p>&nbsp;<\/p>\n<p><img loading=\"lazy\" decoding=\"async\" class=\"alignnone size-full wp-image-61416\" src=\"https:\/\/vocesparalelas.com.ar\/sitio\/wp-content\/uploads\/2023\/07\/ARZOBISPADO-EDIFICIO.jpg\" alt=\"\" width=\"800\" height=\"600\" srcset=\"https:\/\/vocesparalelas.com.ar\/sitio\/wp-content\/uploads\/2023\/07\/ARZOBISPADO-EDIFICIO.jpg 800w, https:\/\/vocesparalelas.com.ar\/sitio\/wp-content\/uploads\/2023\/07\/ARZOBISPADO-EDIFICIO-300x225.jpg 300w, https:\/\/vocesparalelas.com.ar\/sitio\/wp-content\/uploads\/2023\/07\/ARZOBISPADO-EDIFICIO-768x576.jpg 768w\" sizes=\"auto, (max-width: 800px) 100vw, 800px\" \/><\/p>\n","protected":false},"excerpt":{"rendered":"<p>Por el Arzobispo de San Juan de Cuyo, Monse\u00f1or Jorge Lozano \u2026 significa decir la verdad sin dar vueltas. \u201cAl<\/p>\n","protected":false},"author":3,"featured_media":81112,"comment_status":"closed","ping_status":"closed","sticky":false,"template":"","format":"standard","meta":{"_acf_changed":false,"_seopress_robots_primary_cat":"none","_seopress_titles_title":"","_seopress_titles_desc":"","_seopress_robots_index":"","colormag_page_container_layout":"default_layout","colormag_page_sidebar_layout":"default_layout","footnotes":""},"categories":[10,7],"tags":[],"class_list":["post-99168","post","type-post","status-publish","format-standard","has-post-thumbnail","hentry","category-opiniones","category-videos"],"acf":[],"_links":{"self":[{"href":"https:\/\/vocesparalelas.com.ar\/sitio\/wp-json\/wp\/v2\/posts\/99168","targetHints":{"allow":["GET"]}}],"collection":[{"href":"https:\/\/vocesparalelas.com.ar\/sitio\/wp-json\/wp\/v2\/posts"}],"about":[{"href":"https:\/\/vocesparalelas.com.ar\/sitio\/wp-json\/wp\/v2\/types\/post"}],"author":[{"embeddable":true,"href":"https:\/\/vocesparalelas.com.ar\/sitio\/wp-json\/wp\/v2\/users\/3"}],"replies":[{"embeddable":true,"href":"https:\/\/vocesparalelas.com.ar\/sitio\/wp-json\/wp\/v2\/comments?post=99168"}],"version-history":[{"count":1,"href":"https:\/\/vocesparalelas.com.ar\/sitio\/wp-json\/wp\/v2\/posts\/99168\/revisions"}],"predecessor-version":[{"id":99171,"href":"https:\/\/vocesparalelas.com.ar\/sitio\/wp-json\/wp\/v2\/posts\/99168\/revisions\/99171"}],"wp:featuredmedia":[{"embeddable":true,"href":"https:\/\/vocesparalelas.com.ar\/sitio\/wp-json\/wp\/v2\/media\/81112"}],"wp:attachment":[{"href":"https:\/\/vocesparalelas.com.ar\/sitio\/wp-json\/wp\/v2\/media?parent=99168"}],"wp:term":[{"taxonomy":"category","embeddable":true,"href":"https:\/\/vocesparalelas.com.ar\/sitio\/wp-json\/wp\/v2\/categories?post=99168"},{"taxonomy":"post_tag","embeddable":true,"href":"https:\/\/vocesparalelas.com.ar\/sitio\/wp-json\/wp\/v2\/tags?post=99168"}],"curies":[{"name":"wp","href":"https:\/\/api.w.org\/{rel}","templated":true}]}}