{"id":99163,"date":"2026-04-24T20:38:08","date_gmt":"2026-04-24T23:38:08","guid":{"rendered":"https:\/\/vocesparalelas.com.ar\/sitio\/?p=99163"},"modified":"2026-04-28T22:15:18","modified_gmt":"2026-04-29T01:15:18","slug":"visitas-al-parque-de-la-biodiversidad-en-san-juan","status":"publish","type":"post","link":"https:\/\/vocesparalelas.com.ar\/sitio\/visitas-al-parque-de-la-biodiversidad-en-san-juan\/","title":{"rendered":"Visitas al Parque de la Biodiversidad en San Juan"},"content":{"rendered":"<p>El Paisaje Protegido Parque de la Biodiversidad, dependiente de la Direcci\u00f3n de Ecolog\u00eda Urbana de la Secretar\u00eda de Ambiente y Desarrollo Sustentable del Gobierno de San Juan, informa que ya se encuentra abierta la agenda para visitas escolares e institucionales, y que adem\u00e1s, el predio recibe visitas particulares.<\/p>\n<p>Las instituciones educativas interesadas en realizar recorridos guiados deber\u00e1n solicitar turno previo a trav\u00e9s de WhatsApp al 2646 72-7832. Estas visitas est\u00e1n orientadas a promover la educaci\u00f3n ambiental y el conocimiento de la biodiversidad local.<\/p>\n<p><strong><span style=\"color: #008000;\">D\u00edas y horarios<\/span><\/strong><\/p>\n<ul>\n<li>Lunes a viernes: 8 a 12 hs<\/li>\n<li>S\u00e1bados, domingos y feriados: 15 a 18 hs<\/li>\n<\/ul>\n<p>El valor de la entrada general es de $1500, mientras que menores de 12 a\u00f1os, jubilados y personas con discapacidad no abonan.<\/p>\n<p>En El Pinar, departamento Rivadavia,\u00a0el Parque de la Biodiversidad ofrece una propuesta que combina conservaci\u00f3n, educaci\u00f3n y recreaci\u00f3n en un entorno natural.<\/p>\n<p><strong><span style=\"color: #008000;\">Atractivos<\/span><\/strong><\/p>\n<ul>\n<li><span style=\"color: #008000;\"><strong>Acuario educativo<\/strong>,<\/span> con especies de ambientes acu\u00e1ticos.<\/li>\n<li><span style=\"color: #008000;\"><strong>\u00c1rea de acuicultura<\/strong>,<\/span> donde se desarrollan procesos de reproducci\u00f3n de peces.<\/li>\n<li><span style=\"color: #008000;\"><strong>Vivero de plantas nativas<\/strong>,<\/span> destinado a la producci\u00f3n y conservaci\u00f3n de flora aut\u00f3ctona.<\/li>\n<li><span style=\"color: #008000;\"><strong>Parque tem\u00e1tico forestal<\/strong>,<\/span> que incluye el cactario y diversas especies vegetales.<\/li>\n<li><span style=\"color: #008000;\"><strong>Lagunas y espacios naturales<\/strong>,<\/span> que adem\u00e1s constituyen un entorno propicio para el avistaje de aves.<\/li>\n<\/ul>\n<p>El Parque invita a los docentes y alumnos de las Escuelas, familias y visitantes a disfrutar de una experiencia educativa y de contacto con la naturaleza, fomentando el cuidado del ambiente y la conservaci\u00f3n de la biodiversidad.<\/p>\n<p><img loading=\"lazy\" decoding=\"async\" class=\"alignnone size-large wp-image-18375\" src=\"https:\/\/vocesparalelas.com.ar\/sitio\/wp-content\/uploads\/2019\/01\/AMBIENTE-CARTEL-800x496.jpg\" alt=\"\" width=\"800\" height=\"496\" srcset=\"https:\/\/vocesparalelas.com.ar\/sitio\/wp-content\/uploads\/2019\/01\/AMBIENTE-CARTEL-800x496.jpg 800w, https:\/\/vocesparalelas.com.ar\/sitio\/wp-content\/uploads\/2019\/01\/AMBIENTE-CARTEL-300x186.jpg 300w, https:\/\/vocesparalelas.com.ar\/sitio\/wp-content\/uploads\/2019\/01\/AMBIENTE-CARTEL-768x476.jpg 768w, https:\/\/vocesparalelas.com.ar\/sitio\/wp-content\/uploads\/2019\/01\/AMBIENTE-CARTEL.jpg 1000w\" sizes=\"auto, (max-width: 800px) 100vw, 800px\" \/><\/p>\n","protected":false},"excerpt":{"rendered":"<p>El Paisaje Protegido Parque de la Biodiversidad, dependiente de la Direcci\u00f3n de Ecolog\u00eda Urbana de la Secretar\u00eda de Ambiente y<\/p>\n","protected":false},"author":3,"featured_media":43302,"comment_status":"closed","ping_status":"closed","sticky":false,"template":"","format":"standard","meta":{"_acf_changed":false,"_seopress_robots_primary_cat":"none","_seopress_titles_title":"","_seopress_titles_desc":"","_seopress_robots_index":"","colormag_page_container_layout":"default_layout","colormag_page_sidebar_layout":"default_layout","footnotes":""},"categories":[5],"tags":[],"class_list":["post-99163","post","type-post","status-publish","format-standard","has-post-thumbnail","hentry","category-ofrecimientos"],"acf":[],"_links":{"self":[{"href":"https:\/\/vocesparalelas.com.ar\/sitio\/wp-json\/wp\/v2\/posts\/99163","targetHints":{"allow":["GET"]}}],"collection":[{"href":"https:\/\/vocesparalelas.com.ar\/sitio\/wp-json\/wp\/v2\/posts"}],"about":[{"href":"https:\/\/vocesparalelas.com.ar\/sitio\/wp-json\/wp\/v2\/types\/post"}],"author":[{"embeddable":true,"href":"https:\/\/vocesparalelas.com.ar\/sitio\/wp-json\/wp\/v2\/users\/3"}],"replies":[{"embeddable":true,"href":"https:\/\/vocesparalelas.com.ar\/sitio\/wp-json\/wp\/v2\/comments?post=99163"}],"version-history":[{"count":1,"href":"https:\/\/vocesparalelas.com.ar\/sitio\/wp-json\/wp\/v2\/posts\/99163\/revisions"}],"predecessor-version":[{"id":99166,"href":"https:\/\/vocesparalelas.com.ar\/sitio\/wp-json\/wp\/v2\/posts\/99163\/revisions\/99166"}],"wp:featuredmedia":[{"embeddable":true,"href":"https:\/\/vocesparalelas.com.ar\/sitio\/wp-json\/wp\/v2\/media\/43302"}],"wp:attachment":[{"href":"https:\/\/vocesparalelas.com.ar\/sitio\/wp-json\/wp\/v2\/media?parent=99163"}],"wp:term":[{"taxonomy":"category","embeddable":true,"href":"https:\/\/vocesparalelas.com.ar\/sitio\/wp-json\/wp\/v2\/categories?post=99163"},{"taxonomy":"post_tag","embeddable":true,"href":"https:\/\/vocesparalelas.com.ar\/sitio\/wp-json\/wp\/v2\/tags?post=99163"}],"curies":[{"name":"wp","href":"https:\/\/api.w.org\/{rel}","templated":true}]}}