{"id":99136,"date":"2026-04-23T19:23:36","date_gmt":"2026-04-23T22:23:36","guid":{"rendered":"https:\/\/vocesparalelas.com.ar\/sitio\/?p=99136"},"modified":"2026-04-23T22:23:55","modified_gmt":"2026-04-24T01:23:55","slug":"comision-de-mujer-genero-y-diversidad-de-la-camara-de-diputados-de-san-juan","status":"publish","type":"post","link":"https:\/\/vocesparalelas.com.ar\/sitio\/comision-de-mujer-genero-y-diversidad-de-la-camara-de-diputados-de-san-juan\/","title":{"rendered":"Comisi\u00f3n de Mujer, G\u00e9nero y Diversidad\u00a0 de la C\u00e1mara de Diputados de San Juan"},"content":{"rendered":"<p>El Mi\u00e9rcoles, 22 de Abril, la Comisi\u00f3n de Mujer, G\u00e9nero y Diversidad\u00a0 de la C\u00e1mara de Diputados de San Juan se reuni\u00f3 para dar tratamiento a los asuntos presentados.<\/p>\n<p>El encuentro estuvo presidida por su presidente, la diputada Lic. Graciela Seva. Participaron los legisladores Gustavo Us\u00edn, Rosana Luque, Marcelo Mallea, CPN Marisa L\u00f3pez, Alejandra Leonardo y Lic. Mar\u00eda Lascano.<\/p>\n<p>En la ocasi\u00f3n, se realiz\u00f3 un repaso de los expedientes ingresados y se firm\u00f3 despacho favorable a un proyecto de ley del Poder Ejecutivo que propone aprobar los convenios celebrados el 30 de diciembre de 2025 entre el Ministerio de Familia y Desarrollo Humano y cada uno de los 19 municipios de la provincia de San Juan, en el marco de la conformaci\u00f3n de los equipos t\u00e9cnicos del Programa Dispositivos del \u00c1rea G\u00e9nero para el a\u00f1o 2026.<\/p>\n<p>Estos acuerdos tienen por finalidad la implementaci\u00f3n de dispositivos del \u00c1rea de G\u00e9nero, con el objeto de promover, en todo el territorio provincial, la aplicaci\u00f3n de pol\u00edticas p\u00fablicas activas con perspectiva de g\u00e9nero y diversidad, orientadas a favorecer el desarrollo de la autonom\u00eda personal, econ\u00f3mica, social, pol\u00edtica y cultural de las mujeres y de la poblaci\u00f3n LGBTIQ+.<\/p>\n<p>&nbsp;<\/p>\n<figure id=\"attachment_37951\" aria-describedby=\"caption-attachment-37951\" style=\"width: 800px\" class=\"wp-caption alignnone\"><img loading=\"lazy\" decoding=\"async\" class=\"size-full wp-image-37951\" src=\"https:\/\/vocesparalelas.com.ar\/sitio\/wp-content\/uploads\/2021\/05\/CAMARA-EDIFICIO.jpg\" alt=\"\" width=\"800\" height=\"515\" srcset=\"https:\/\/vocesparalelas.com.ar\/sitio\/wp-content\/uploads\/2021\/05\/CAMARA-EDIFICIO.jpg 800w, https:\/\/vocesparalelas.com.ar\/sitio\/wp-content\/uploads\/2021\/05\/CAMARA-EDIFICIO-300x193.jpg 300w, https:\/\/vocesparalelas.com.ar\/sitio\/wp-content\/uploads\/2021\/05\/CAMARA-EDIFICIO-768x494.jpg 768w\" sizes=\"auto, (max-width: 800px) 100vw, 800px\" \/><figcaption id=\"caption-attachment-37951\" class=\"wp-caption-text\">Legislatura Provincial de San Juan, Rep\u00fablica Argentina<\/figcaption><\/figure>\n","protected":false},"excerpt":{"rendered":"<p>El Mi\u00e9rcoles, 22 de Abril, la Comisi\u00f3n de Mujer, G\u00e9nero y Diversidad\u00a0 de la C\u00e1mara de Diputados de San Juan<\/p>\n","protected":false},"author":3,"featured_media":99139,"comment_status":"closed","ping_status":"closed","sticky":false,"template":"","format":"standard","meta":{"_acf_changed":false,"_seopress_robots_primary_cat":"none","_seopress_titles_title":"","_seopress_titles_desc":"","_seopress_robots_index":"","colormag_page_container_layout":"default_layout","colormag_page_sidebar_layout":"default_layout","footnotes":""},"categories":[1],"tags":[],"class_list":["post-99136","post","type-post","status-publish","format-standard","has-post-thumbnail","hentry","category-destacadas"],"acf":[],"_links":{"self":[{"href":"https:\/\/vocesparalelas.com.ar\/sitio\/wp-json\/wp\/v2\/posts\/99136","targetHints":{"allow":["GET"]}}],"collection":[{"href":"https:\/\/vocesparalelas.com.ar\/sitio\/wp-json\/wp\/v2\/posts"}],"about":[{"href":"https:\/\/vocesparalelas.com.ar\/sitio\/wp-json\/wp\/v2\/types\/post"}],"author":[{"embeddable":true,"href":"https:\/\/vocesparalelas.com.ar\/sitio\/wp-json\/wp\/v2\/users\/3"}],"replies":[{"embeddable":true,"href":"https:\/\/vocesparalelas.com.ar\/sitio\/wp-json\/wp\/v2\/comments?post=99136"}],"version-history":[{"count":1,"href":"https:\/\/vocesparalelas.com.ar\/sitio\/wp-json\/wp\/v2\/posts\/99136\/revisions"}],"predecessor-version":[{"id":99140,"href":"https:\/\/vocesparalelas.com.ar\/sitio\/wp-json\/wp\/v2\/posts\/99136\/revisions\/99140"}],"wp:featuredmedia":[{"embeddable":true,"href":"https:\/\/vocesparalelas.com.ar\/sitio\/wp-json\/wp\/v2\/media\/99139"}],"wp:attachment":[{"href":"https:\/\/vocesparalelas.com.ar\/sitio\/wp-json\/wp\/v2\/media?parent=99136"}],"wp:term":[{"taxonomy":"category","embeddable":true,"href":"https:\/\/vocesparalelas.com.ar\/sitio\/wp-json\/wp\/v2\/categories?post=99136"},{"taxonomy":"post_tag","embeddable":true,"href":"https:\/\/vocesparalelas.com.ar\/sitio\/wp-json\/wp\/v2\/tags?post=99136"}],"curies":[{"name":"wp","href":"https:\/\/api.w.org\/{rel}","templated":true}]}}