{"id":99123,"date":"2026-04-23T21:39:46","date_gmt":"2026-04-24T00:39:46","guid":{"rendered":"https:\/\/vocesparalelas.com.ar\/sitio\/?p=99123"},"modified":"2026-04-23T21:39:46","modified_gmt":"2026-04-24T00:39:46","slug":"embajadores-de-la-union-europea-en-argentina-visitan-san-juan","status":"publish","type":"post","link":"https:\/\/vocesparalelas.com.ar\/sitio\/embajadores-de-la-union-europea-en-argentina-visitan-san-juan\/","title":{"rendered":"Embajadores de la Uni\u00f3n Europea en Argentina visitan San Juan"},"content":{"rendered":"<p>El gobernador de San Juan, Dr. Marcelo Orrego, recibi\u00f3 la visita protocolar de una delegaci\u00f3n de embajadores y autoridades diplom\u00e1ticas de 14 pa\u00edses europeos acreditadas en la Rep\u00fablica Argentina.<\/p>\n<p>El objetivo fue fortalecer el v\u00ednculo entre San Juan y pa\u00edses europeos para potenciar oportunidades de intercambio en diversas \u00e1reas estrat\u00e9gicas.<\/p>\n<p>El encuentro tuvo lugar en la Sala Gobernador Eloy Camus, de Casa de Gobierno y reuni\u00f3 a representantes de la Uni\u00f3n Europea y de distintos pa\u00edses del continente europeo.<\/p>\n<p>En ese marco, presentaron sus saludos protocolares:<\/p>\n<ul>\n<li>Embajador de la Uni\u00f3n Europea en Argentina, Erik H\u00f8eg<\/li>\n<li>Embajador de Austria, Gerhard Mayer<\/li>\n<li>Embajador del Reino de B\u00e9lgica, Hubert Raymond G. Cooreman<\/li>\n<li>Embajadora de Eslovenia, Tina Vodnik<\/li>\n<li>Embajadora de Finlandia, Nicola Lill Lindertz<\/li>\n<li>Embajador de Irlanda, John Gerard McCoy<\/li>\n<li>Embajador del Reino de los Pa\u00edses Bajos, Mauritz Wilhelmus Verheijden<\/li>\n<li>Embajador de la Rep\u00fablica Portuguesa, Gon\u00e7alo Nuno Gamito Beja de Teles Gomes<\/li>\n<li>Embajador del Reino de Suecia, Torsten Sven Ericsson<\/li>\n<li>Embajador de Hungr\u00eda, P\u00e9ter Hlinka<\/li>\n<li>Ministro de la Rep\u00fablica Federal de Alemania en Argentina, Peter Neven<\/li>\n<li>Encargada de Negocios de Polonia, Bogna Ruminowicz<\/li>\n<li>Primer consejero de la Uni\u00f3n Europea en Argentina, Eran Nagan<\/li>\n<\/ul>\n<p>El gobernador se refiri\u00f3 al encuentro como \u201cuna reuni\u00f3n significativa e importante\u201d. Asegur\u00f3 que se trat\u00f3 de un espacio \u201cenriquecedor para intercambiar ideas, responder inquietudes y seguir fortaleciendo v\u00ednculos. Pudimos dialogar sobre distintos aspectos vinculados a la matriz productiva de nuestra provincia. Hablamos de vitivinicultura, miner\u00eda, energ\u00edas renovables y de todo el potencial que tiene San Juan en estos sectores\u201d.<\/p>\n<p><iframe loading=\"lazy\" title=\"SAN JUAN GOBERNADOR DR. MARCELO ORREGO \" width=\"800\" height=\"450\" src=\"https:\/\/www.youtube.com\/embed\/aptlq2JCW50?feature=oembed\" frameborder=\"0\" allow=\"accelerometer; autoplay; clipboard-write; encrypted-media; gyroscope; picture-in-picture; web-share\" referrerpolicy=\"strict-origin-when-cross-origin\" allowfullscreen><\/iframe><\/p>\n<p>&nbsp;<\/p>\n<p>A su momento, el embajador de la Uni\u00f3n Europea en Argentina, Erik H\u00f8eg, agradeci\u00f3 el recibimiento en su primera visita a San Juan, \u201csabemos que San Juan es una provincia que est\u00e1 avanzando con fuerza en el desarrollo minero\u201d, asegur\u00f3. Hay empresas europeas interesadas en la provincia. Ya existen v\u00ednculos comerciales, exportaciones e inversiones, y el cobre es un sector donde ese inter\u00e9s es particularmente fuerte\u201d, agreg\u00f3 el diplom\u00e1tico. Nosotros como Uni\u00f3n Europea estamos a disposici\u00f3n para seguir fortaleciendo estos lazos de cooperaci\u00f3n\u201d.<\/p>\n<p><iframe loading=\"lazy\" title=\"SAN JUAN EMBAJADOR UE EN ARGENTINA ERIK HOEG\" width=\"800\" height=\"450\" src=\"https:\/\/www.youtube.com\/embed\/tXfM6YTbWWU?feature=oembed\" frameborder=\"0\" allow=\"accelerometer; autoplay; clipboard-write; encrypted-media; gyroscope; picture-in-picture; web-share\" referrerpolicy=\"strict-origin-when-cross-origin\" allowfullscreen><\/iframe><\/p>\n<p>Acompa\u00f1aron al gobernador autoridades del Ejecutivo provincial, entre ellas la ministra de Gobierno, Dra. Laura Palma, el ministro de Producci\u00f3n, Trabajo e Innovaci\u00f3n, CPN Gustavo Fern\u00e1ndez, el ministro de Miner\u00eda, Dr. Juan Pablo Perea y la secretaria de Relaciones Institucionales, Dra. Claudia Sarmiento.<\/p>\n<p><img loading=\"lazy\" decoding=\"async\" class=\"alignnone size-full wp-image-65642\" src=\"https:\/\/vocesparalelas.com.ar\/sitio\/wp-content\/uploads\/2023\/11\/GOBIERNO-SAN-JUAN.jpg\" alt=\"\" width=\"800\" height=\"600\" srcset=\"https:\/\/vocesparalelas.com.ar\/sitio\/wp-content\/uploads\/2023\/11\/GOBIERNO-SAN-JUAN.jpg 800w, https:\/\/vocesparalelas.com.ar\/sitio\/wp-content\/uploads\/2023\/11\/GOBIERNO-SAN-JUAN-300x225.jpg 300w, https:\/\/vocesparalelas.com.ar\/sitio\/wp-content\/uploads\/2023\/11\/GOBIERNO-SAN-JUAN-768x576.jpg 768w\" sizes=\"auto, (max-width: 800px) 100vw, 800px\" \/><\/p>\n","protected":false},"excerpt":{"rendered":"<p>El gobernador de San Juan, Dr. Marcelo Orrego, recibi\u00f3 la visita protocolar de una delegaci\u00f3n de embajadores y autoridades diplom\u00e1ticas<\/p>\n","protected":false},"author":3,"featured_media":99126,"comment_status":"closed","ping_status":"closed","sticky":false,"template":"","format":"standard","meta":{"_acf_changed":false,"_seopress_robots_primary_cat":"none","_seopress_titles_title":"","_seopress_titles_desc":"","_seopress_robots_index":"","colormag_page_container_layout":"default_layout","colormag_page_sidebar_layout":"default_layout","footnotes":""},"categories":[1,7],"tags":[],"class_list":["post-99123","post","type-post","status-publish","format-standard","has-post-thumbnail","hentry","category-destacadas","category-videos"],"acf":[],"_links":{"self":[{"href":"https:\/\/vocesparalelas.com.ar\/sitio\/wp-json\/wp\/v2\/posts\/99123","targetHints":{"allow":["GET"]}}],"collection":[{"href":"https:\/\/vocesparalelas.com.ar\/sitio\/wp-json\/wp\/v2\/posts"}],"about":[{"href":"https:\/\/vocesparalelas.com.ar\/sitio\/wp-json\/wp\/v2\/types\/post"}],"author":[{"embeddable":true,"href":"https:\/\/vocesparalelas.com.ar\/sitio\/wp-json\/wp\/v2\/users\/3"}],"replies":[{"embeddable":true,"href":"https:\/\/vocesparalelas.com.ar\/sitio\/wp-json\/wp\/v2\/comments?post=99123"}],"version-history":[{"count":1,"href":"https:\/\/vocesparalelas.com.ar\/sitio\/wp-json\/wp\/v2\/posts\/99123\/revisions"}],"predecessor-version":[{"id":99127,"href":"https:\/\/vocesparalelas.com.ar\/sitio\/wp-json\/wp\/v2\/posts\/99123\/revisions\/99127"}],"wp:featuredmedia":[{"embeddable":true,"href":"https:\/\/vocesparalelas.com.ar\/sitio\/wp-json\/wp\/v2\/media\/99126"}],"wp:attachment":[{"href":"https:\/\/vocesparalelas.com.ar\/sitio\/wp-json\/wp\/v2\/media?parent=99123"}],"wp:term":[{"taxonomy":"category","embeddable":true,"href":"https:\/\/vocesparalelas.com.ar\/sitio\/wp-json\/wp\/v2\/categories?post=99123"},{"taxonomy":"post_tag","embeddable":true,"href":"https:\/\/vocesparalelas.com.ar\/sitio\/wp-json\/wp\/v2\/tags?post=99123"}],"curies":[{"name":"wp","href":"https:\/\/api.w.org\/{rel}","templated":true}]}}