{"id":99112,"date":"2026-04-23T14:31:58","date_gmt":"2026-04-23T17:31:58","guid":{"rendered":"https:\/\/vocesparalelas.com.ar\/sitio\/?p=99112"},"modified":"2026-04-24T19:29:05","modified_gmt":"2026-04-24T22:29:05","slug":"san-juan-tiene-identidad-cultura-y-raices-profundas","status":"publish","type":"post","link":"https:\/\/vocesparalelas.com.ar\/sitio\/san-juan-tiene-identidad-cultura-y-raices-profundas\/","title":{"rendered":"San Juan tiene identidad, cultura y ra\u00edces profundas"},"content":{"rendered":"<p>Por la Lic. en Trabajo Social Silvia Mart\u00edn<\/p>\n<p>El 23 de abril no es una fecha m\u00e1s. Es el d\u00eda en que el mundo celebra el libro, pero tambi\u00e9n es una oportunidad inc\u00f3moda para mirarnos como sociedad y preguntarnos qu\u00e9 estamos sembrando en nuestros hijos.<\/p>\n<p>Porque la realidad, aunque a veces duela, es clara: en muchos hogares sanjuaninos hay m\u00e1s pantallas encendidas que libros abiertos. Hay m\u00e1s tiempo para deslizar un dedo que para pasar una p\u00e1gina. Y en ese gesto cotidiano, casi invisible, estamos moldeando una forma de pensar, de sentir y de comprender el mundo.<\/p>\n<p>No se trata de demonizar la tecnolog\u00eda \u2014ser\u00eda ingenuo hacerlo\u2014, sino de asumir una responsabilidad. La pantalla entretiene, s\u00ed. Pero el libro forma. La pantalla distrae; el libro construye pensamiento, lenguaje, imaginaci\u00f3n. Un ni\u00f1o que crece rodeado de libros no solo aprende a leer: aprende a cuestionar, a interpretar, a so\u00f1ar con otras realidades posibles.<\/p>\n<p>\u00bfY qu\u00e9 pasa hoy?<\/p>\n<p>\u00bfCu\u00e1ntos chicos en San Juan tienen un libro propio?<\/p>\n<p>\u00bfCu\u00e1ntas familias se sientan a leer juntas, aunque sea diez minutos al d\u00eda?<\/p>\n<p>\u00bfCu\u00e1ntas escuelas logran sostener el h\u00e1bito de la lectura m\u00e1s all\u00e1 de la obligaci\u00f3n?<\/p>\n<p>La respuesta, muchas veces, es silenciosa\u2026 y preocupante.<\/p>\n<p>Leer no deber\u00eda ser un lujo ni una exigencia escolar: deber\u00eda ser un derecho cotidiano. Pero ese derecho empieza en casa, con decisiones simples y concretas. Un libro en la mesa de luz. Un cuento antes de dormir. Un adulto que tambi\u00e9n lee y no solo pide que el ni\u00f1o lo haga.<\/p>\n<p>Tal vez el verdadero desaf\u00edo no sea que los chicos lean m\u00e1s, sino que los adultos les mostremos que vale la pena hacerlo.<\/p>\n<p>En este D\u00eda del Libro, la invitaci\u00f3n es clara y urgente: regalemos menos horas de pantalla y m\u00e1s historias. Menos ruido digital y m\u00e1s palabras que dejen huella. Porque cada libro que llega a las manos de un ni\u00f1o es una oportunidad que se abre\u2026 y cada oportunidad que se pierde, es un futuro que se achica.<\/p>\n<p>San Juan tiene identidad, cultura y ra\u00edces profundas. Pero ninguna sociedad crece si deja de leer.<\/p>\n<p>&nbsp;<\/p>\n<p><img loading=\"lazy\" decoding=\"async\" class=\"alignnone size-large wp-image-43758\" src=\"https:\/\/vocesparalelas.com.ar\/sitio\/wp-content\/uploads\/2021\/11\/LIBROS-PUBLICACION-800x547.jpg\" alt=\"\" width=\"800\" height=\"547\" srcset=\"https:\/\/vocesparalelas.com.ar\/sitio\/wp-content\/uploads\/2021\/11\/LIBROS-PUBLICACION-800x547.jpg 800w, https:\/\/vocesparalelas.com.ar\/sitio\/wp-content\/uploads\/2021\/11\/LIBROS-PUBLICACION-300x205.jpg 300w, https:\/\/vocesparalelas.com.ar\/sitio\/wp-content\/uploads\/2021\/11\/LIBROS-PUBLICACION-768x525.jpg 768w, https:\/\/vocesparalelas.com.ar\/sitio\/wp-content\/uploads\/2021\/11\/LIBROS-PUBLICACION-130x90.jpg 130w, https:\/\/vocesparalelas.com.ar\/sitio\/wp-content\/uploads\/2021\/11\/LIBROS-PUBLICACION.jpg 1000w\" sizes=\"auto, (max-width: 800px) 100vw, 800px\" \/><\/p>\n","protected":false},"excerpt":{"rendered":"<p>Por la Lic. en Trabajo Social Silvia Mart\u00edn El 23 de abril no es una fecha m\u00e1s. Es el d\u00eda<\/p>\n","protected":false},"author":3,"featured_media":51316,"comment_status":"closed","ping_status":"closed","sticky":false,"template":"","format":"standard","meta":{"_acf_changed":false,"_seopress_robots_primary_cat":"none","_seopress_titles_title":"","_seopress_titles_desc":"","_seopress_robots_index":"","colormag_page_container_layout":"default_layout","colormag_page_sidebar_layout":"default_layout","footnotes":""},"categories":[10],"tags":[],"class_list":["post-99112","post","type-post","status-publish","format-standard","has-post-thumbnail","hentry","category-opiniones"],"acf":[],"_links":{"self":[{"href":"https:\/\/vocesparalelas.com.ar\/sitio\/wp-json\/wp\/v2\/posts\/99112","targetHints":{"allow":["GET"]}}],"collection":[{"href":"https:\/\/vocesparalelas.com.ar\/sitio\/wp-json\/wp\/v2\/posts"}],"about":[{"href":"https:\/\/vocesparalelas.com.ar\/sitio\/wp-json\/wp\/v2\/types\/post"}],"author":[{"embeddable":true,"href":"https:\/\/vocesparalelas.com.ar\/sitio\/wp-json\/wp\/v2\/users\/3"}],"replies":[{"embeddable":true,"href":"https:\/\/vocesparalelas.com.ar\/sitio\/wp-json\/wp\/v2\/comments?post=99112"}],"version-history":[{"count":1,"href":"https:\/\/vocesparalelas.com.ar\/sitio\/wp-json\/wp\/v2\/posts\/99112\/revisions"}],"predecessor-version":[{"id":99115,"href":"https:\/\/vocesparalelas.com.ar\/sitio\/wp-json\/wp\/v2\/posts\/99112\/revisions\/99115"}],"wp:featuredmedia":[{"embeddable":true,"href":"https:\/\/vocesparalelas.com.ar\/sitio\/wp-json\/wp\/v2\/media\/51316"}],"wp:attachment":[{"href":"https:\/\/vocesparalelas.com.ar\/sitio\/wp-json\/wp\/v2\/media?parent=99112"}],"wp:term":[{"taxonomy":"category","embeddable":true,"href":"https:\/\/vocesparalelas.com.ar\/sitio\/wp-json\/wp\/v2\/categories?post=99112"},{"taxonomy":"post_tag","embeddable":true,"href":"https:\/\/vocesparalelas.com.ar\/sitio\/wp-json\/wp\/v2\/tags?post=99112"}],"curies":[{"name":"wp","href":"https:\/\/api.w.org\/{rel}","templated":true}]}}