{"id":99107,"date":"2026-04-23T14:18:50","date_gmt":"2026-04-23T17:18:50","guid":{"rendered":"https:\/\/vocesparalelas.com.ar\/sitio\/?p=99107"},"modified":"2026-04-24T20:22:33","modified_gmt":"2026-04-24T23:22:33","slug":"concierto-solidario-de-la-orquesta-sinfonica-para-el-inicio-de-la-temporada-2026","status":"publish","type":"post","link":"https:\/\/vocesparalelas.com.ar\/sitio\/concierto-solidario-de-la-orquesta-sinfonica-para-el-inicio-de-la-temporada-2026\/","title":{"rendered":"Concierto Solidario de la Orquesta Sinf\u00f3nica para el inicio de la Temporada 2026"},"content":{"rendered":"<p>La Orquesta Sinf\u00f3nica de la Facultad de Filosof\u00eda, Humanidades y Artes de la Universidad Nacional de San Juan brinda el inicio a su Temporada 2026 con una nueva presentaci\u00f3n art\u00edstica abierta a la comunidad. El concierto se realiza el Viernes, 24 de Abril, a las\u00a021 hs, en la\u00a0Sala TES,\u00a0 Juan B. Justo Sur 335, Departamento Rivadavia.<\/p>\n<p>La propuesta marca adem\u00e1s la apertura de la Temporada N\u00ba52 del organismo art\u00edstico universitario, consolidando una trayectoria sostenida en la promoci\u00f3n de la m\u00fasica acad\u00e9mica y la formaci\u00f3n cultural en San Juan.<\/p>\n<p>En esta oportunidad, el repertorio incluye reconocidas obras del per\u00edodo barroco: Aria de Johann Sebastian Bach, Concerto Grosso de Pietro Locatelli, Concerto Grosso de Arcangelo Corelli y Concierto para cuatro violines de Antonio Vivaldi.<\/p>\n<p><span style=\"color: #ff6600;\"><strong>Programa <\/strong><\/span><\/p>\n<p>J.S.BACH &#8211; AIR de la Obertura No. 3 en Re Major<br \/>\n(Transcripci\u00f3n por Leopold Stokowski)<br \/>\nA.CORELLI &#8211; Concierto Grosso Op.6 No.8 \u201cFatto per la notte di Natale\u201d<br \/>\nVivace, Grave<br \/>\nAllegro<br \/>\nAdagio , Allegro , Adagio<br \/>\nVivace<br \/>\nAllegro<br \/>\nPastorale<br \/>\nP.LOCATELLI &#8211; Concerto Grosso Op.1 No. 11 en Do Menor<br \/>\nLargo<br \/>\nAllemanda Allegro<br \/>\nSarabanda Largo<br \/>\nGiga Allegro<br \/>\nA.VIVALDI &#8211; Concierto para 4 Violines en Si menor , RV 580 \u201cIl Giardino Armonico\u201d<br \/>\nAllegro<br \/>\nLargo<br \/>\nLarghetto &#8211; Adagio &#8211; Largo &#8211; Allegro<br \/>\n1er Violin Solista : Rossanna Pia Migani<br \/>\n2do Violin Solista : Melina Medina<br \/>\n3er Violin Solista : Ariadna Cibeira<br \/>\n4to Violin Solista : Alfredo Agusto<\/p>\n<p>Desde la organizaci\u00f3n informaron que el ingreso es con invitaci\u00f3n y con cupos limitados, por lo que las entradas deben retirarse previamente en la Sala TES.<\/p>\n<p>Asimismo, el concierto tiene un sentido solidario, ya que se realizar\u00e1 a beneficio de la situaci\u00f3n h\u00eddrica que atraviesa el departamento Albard\u00f3n. Durante la jornada se recibir\u00e1n donaciones voluntarias de agua mineral para colaborar con la comunidad.<\/p>\n<p>De este modo, la Orquesta Sinf\u00f3nica de la UNSJ inicia una nueva temporada combinando arte y v\u00ednculo solidario con la comunidad sanjuanina.<\/p>\n<p><span style=\"color: #ff6600;\"><strong>Los artistas\u00a0<\/strong><\/span><\/p>\n<p><span style=\"color: #ff6600;\"><strong>Ariadna Cibeira<\/strong><\/span><\/p>\n<p>Nacida en San Juan, Argentina (1998), inici\u00f3 sus estudios de viol\u00edn a los siete a\u00f1os en el Departamento de M\u00fasica de la Universidad Nacional de San Juan. En dicha instituci\u00f3n, obtuvo recientemente el t\u00edtulo de Profesora Universitaria en M\u00fasica (Especialidad Viol\u00edn) bajo la gu\u00eda de la profesora Rossanna Migani.<\/p>\n<p>Su formaci\u00f3n incluye una participaci\u00f3n activa en clases magistrales y festivales internacionales con maestros de la talla de Shlomo Mintz, Mimi Zweig y Otto Derolez, adem\u00e1s de perfeccionarse en m\u00fasica de c\u00e1mara con integrantes del Vera Quartet y la Filarm\u00f3nica de Bruselas. Se ha presentado como solista y camarista en importantes escenarios de Argentina, Brasil y Chile.<\/p>\n<p>Actualmente, se desempe\u00f1a como Fellow en OAcademy e integra la Orquesta Sinf\u00f3nica de la UNSJ y la Camerata San Juan.<\/p>\n<p><span style=\"color: #ff6600;\"><strong>Alfredo Agusto<\/strong><\/span><\/p>\n<p>Inici\u00f3 sus estudios musicales a los 15 a\u00f1os bajo la gu\u00eda de la profesora Rossanna Migani. Posteriormente, continu\u00f3 su formaci\u00f3n acad\u00e9mica en la Universidad Nacional de San Juan, donde consolid\u00f3 su t\u00e9cnica y desarrollo art\u00edstico.<\/p>\n<p>En busca de una mayor especializaci\u00f3n, realiz\u00f3 estudios de perfeccionamiento en el Conservatorio Cantonal de Sion (Suiza), experiencia que enriqueci\u00f3 su enfoque interpretativo en contacto con la tradici\u00f3n violin\u00edstica europea.<\/p>\n<p>Es miembro estable de la Orquesta Sinf\u00f3nica de la UNSJ desde el a\u00f1o 2008, labor que compagina con su actividad como solista y su constante dedicaci\u00f3n al repertorio camer\u00edstico y orquestal.<\/p>\n<p><span style=\"color: #ff6600;\"><strong>Melina Medina<\/strong><\/span><\/p>\n<p>Egresada del Profesorado en Viol\u00edn del Dpto. de M\u00fasica de la Facultad de Filosof\u00eda Humanidades y Artes de la UNSJ.<\/p>\n<p>Particip\u00f3 como solista con la Orquesta Sinf\u00f3nica\u00a0 y fue parte del FESTIVAL MUSICA NAS MONTANHAS, Brasil. Tambi\u00e9n gana el Primer Premio de Viol\u00edn en el Concurso CONSTRUYENDO LA PAZ Y LA UNIDAD, organizado por la Asociaci\u00f3n M\u00fasica Viva y Northlands.<\/p>\n<p>Realiz\u00f3 conciertos en la formaci\u00f3n viol\u00edn-piano en la provincia de Mendoza, San Juan, en el Conservatorio Beethoven, en la sala de conciertos del Colegio Northlands, Escala de San Telmo y en el Museo Fern\u00e1ndez Blanco en Buenos Aires.<\/p>\n<p>En el a\u00f1o 2006 se perfecciona en la ciudad de Paris, Francia., en clases de viol\u00edn, m\u00fasica de c\u00e1mara, ensambles de m\u00fasica antigua y pr\u00e1cticas orquestales en L`Ecole Nationale de Musique Conservatoire Edgar Varese y Conservatoir d\u2019Evry, Francia.\u00a0En dichas instituciones realiz\u00f3 numerosos conciertos y fue parte del Festival Olivier Messiaen.<\/p>\n<p>Realiz\u00f3 conciertos de m\u00fasica de c\u00e1mara en la Casa Argentina en Par\u00eds y otros establecimientos.<\/p>\n<p>A su regreso a San Juan, realiza cursos de perfeccionamiento en Pedagog\u00eda en Viol\u00edn con la profesora y pedagoga estadounidense Mimi Zweig, organizado por la UNSJ.<\/p>\n<p>Fue integrante de formaciones de M\u00fasica de C\u00e1mara como Ensamble Barroco, Cuarteto Tulum interpretando conciertos en la sala del Auditorio Juan Victoria y Sala Auditorio del Teatro del Bicentenario.<\/p>\n<p>Integr\u00f3 el equipo de investigaci\u00f3n del Instituto de Estudios Musicales de la FFHA en el proyecto \u201cOperas de Arturo Berutti\u201d, compositor sanjuanino, desarrollando investigaciones referidas a la Violencia de G\u00e9nero en las \u00f3peras del siglo XIX exponiendo en las Jornadas den GEM, IIHRA y en el III Congreso Binacional de Investigaci\u00f3n Cient\u00edfica VI Encuentro de J\u00f3venes Investigadores.<\/p>\n<p>En el periodo 2012\/2013 trabaj\u00f3 en la C\u00e1tedra de Viol\u00edn de la Universidad Nacional de La Rioja.<\/p>\n<p>Desde este a\u00f1o se encuentra cursando la Maestr\u00eda en Interpretaci\u00f3n de M\u00fasica de C\u00e1mara de la Universidad Nacional de Rosario bajo la direcci\u00f3n del M\u00ba Fernando P\u00e9rez.<\/p>\n<p>Actualmente es integrante estable de la Orquesta Sinf\u00f3nica de la UNSJ en la fila de Segundos Violines en el rol de \u201cSuplente de Solista\u201d y a su vez es docente de Viol\u00edn del Departamento de M\u00fasica de la FFHA.<\/p>\n<p><span style=\"color: #ff6600;\"><strong>Prof. Rossanna Pia Migani<\/strong><\/span><\/p>\n<p>Graduada en el Conservatorio \u00abGioacchino Rossini\u00bb de Pesaro, Italia, 1992.<\/p>\n<p>Cursos con los profesores J. Spiller (Camping Musical Bariloche), F. Hasaj (Buenos Aires), Z. Brown (Escuela Reina Sof\u00eda, Espa\u00f1a), Evelio Tieles (Tarragona, Espa\u00f1a). Ingresa a la Orquesta Sinf\u00f3nica en el a\u00f1o 1986 hasta 1989.<\/p>\n<p>Fue profesora de Viol\u00edn del Ministerio de Educaci\u00f3n y Cultura del gobierno de Espa\u00f1a en el Conservatorio de M\u00fasica de Melilla desde 1993 a 1996.<\/p>\n<p>En 1996 gana por Concurso de Antecedentes y Oposici\u00f3n el cargo de Gu\u00eda de los Segundos Violines Profesor Titular Exclusivo para la Orquesta Sinf\u00f3nica de la UNSJ.<\/p>\n<p>Fue solista bajo la direcci\u00f3n de los siguientes directores: M\u00ba Roberto Ruiz, M\u00ba Jorge Fontenla, M\u00ba Alberto Merenzon, M\u00ba Mario Benzecry, M\u00ba Alexey Izmirliev, M\u00ba Jos\u00e9 Juncosa, M\u00ba Emmanuel Shifert, etc.<\/p>\n<p>Realiz\u00f3 M\u00fasica de C\u00e1mara en Italia, Espa\u00f1a y Argentina.<\/p>\n<p>Fue codirectora y fundadora de la Orquesta de C\u00e1mara del Conservatorio de M\u00fasica de Melilla, Espa\u00f1a.<\/p>\n<p>Actualmente, es Profesora Titular de una de las C\u00e1tedras de viol\u00edn de la Universidad Nacional de San Juan y Gu\u00eda de los Segundos violines en la Orquesta Sinf\u00f3nica de dicha Universidad.<\/p>\n<p><img loading=\"lazy\" decoding=\"async\" class=\"alignnone size-full wp-image-70815\" src=\"https:\/\/vocesparalelas.com.ar\/sitio\/wp-content\/uploads\/2024\/03\/TEATRO-TeS-01.jpg\" alt=\"\" width=\"800\" height=\"600\" srcset=\"https:\/\/vocesparalelas.com.ar\/sitio\/wp-content\/uploads\/2024\/03\/TEATRO-TeS-01.jpg 800w, https:\/\/vocesparalelas.com.ar\/sitio\/wp-content\/uploads\/2024\/03\/TEATRO-TeS-01-300x225.jpg 300w, https:\/\/vocesparalelas.com.ar\/sitio\/wp-content\/uploads\/2024\/03\/TEATRO-TeS-01-768x576.jpg 768w\" sizes=\"auto, (max-width: 800px) 100vw, 800px\" \/><\/p>\n<p>&nbsp;<\/p>\n","protected":false},"excerpt":{"rendered":"<p>La Orquesta Sinf\u00f3nica de la Facultad de Filosof\u00eda, Humanidades y Artes de la Universidad Nacional de San Juan brinda el<\/p>\n","protected":false},"author":3,"featured_media":99110,"comment_status":"closed","ping_status":"closed","sticky":false,"template":"","format":"standard","meta":{"_acf_changed":false,"_seopress_robots_primary_cat":"none","_seopress_titles_title":"","_seopress_titles_desc":"","_seopress_robots_index":"","colormag_page_container_layout":"default_layout","colormag_page_sidebar_layout":"default_layout","footnotes":""},"categories":[20],"tags":[],"class_list":["post-99107","post","type-post","status-publish","format-standard","has-post-thumbnail","hentry","category-cartelera"],"acf":[],"_links":{"self":[{"href":"https:\/\/vocesparalelas.com.ar\/sitio\/wp-json\/wp\/v2\/posts\/99107","targetHints":{"allow":["GET"]}}],"collection":[{"href":"https:\/\/vocesparalelas.com.ar\/sitio\/wp-json\/wp\/v2\/posts"}],"about":[{"href":"https:\/\/vocesparalelas.com.ar\/sitio\/wp-json\/wp\/v2\/types\/post"}],"author":[{"embeddable":true,"href":"https:\/\/vocesparalelas.com.ar\/sitio\/wp-json\/wp\/v2\/users\/3"}],"replies":[{"embeddable":true,"href":"https:\/\/vocesparalelas.com.ar\/sitio\/wp-json\/wp\/v2\/comments?post=99107"}],"version-history":[{"count":1,"href":"https:\/\/vocesparalelas.com.ar\/sitio\/wp-json\/wp\/v2\/posts\/99107\/revisions"}],"predecessor-version":[{"id":99111,"href":"https:\/\/vocesparalelas.com.ar\/sitio\/wp-json\/wp\/v2\/posts\/99107\/revisions\/99111"}],"wp:featuredmedia":[{"embeddable":true,"href":"https:\/\/vocesparalelas.com.ar\/sitio\/wp-json\/wp\/v2\/media\/99110"}],"wp:attachment":[{"href":"https:\/\/vocesparalelas.com.ar\/sitio\/wp-json\/wp\/v2\/media?parent=99107"}],"wp:term":[{"taxonomy":"category","embeddable":true,"href":"https:\/\/vocesparalelas.com.ar\/sitio\/wp-json\/wp\/v2\/categories?post=99107"},{"taxonomy":"post_tag","embeddable":true,"href":"https:\/\/vocesparalelas.com.ar\/sitio\/wp-json\/wp\/v2\/tags?post=99107"}],"curies":[{"name":"wp","href":"https:\/\/api.w.org\/{rel}","templated":true}]}}