{"id":99091,"date":"2026-04-22T21:55:12","date_gmt":"2026-04-23T00:55:12","guid":{"rendered":"https:\/\/vocesparalelas.com.ar\/sitio\/?p=99091"},"modified":"2026-04-23T00:11:22","modified_gmt":"2026-04-23T03:11:22","slug":"se-renovo-parte-del-consejo-directivo-de-la-camara-argentina-de-comercio","status":"publish","type":"post","link":"https:\/\/vocesparalelas.com.ar\/sitio\/se-renovo-parte-del-consejo-directivo-de-la-camara-argentina-de-comercio\/","title":{"rendered":"Se renov\u00f3 parte del Consejo Directivo de la C\u00e1mara Argentina de Comercio"},"content":{"rendered":"<p>La C\u00e1mara Argentina de Comercio y Servicios &#8211; CAC &#8211; realiz\u00f3 su Asamblea General Ordinaria anual, donde llev\u00f3 adelante la renovaci\u00f3n parcial de su Consejo Directivo.<\/p>\n<p>Del encuentro particip\u00f3 el presidente de la C\u00e1mara de Comercio y Servicios de San Juan, Hermes Rodr\u00edguez, quien acompa\u00f1\u00f3 la jornada junto a representantes de distintas entidades y empresas de la Rep\u00fablica Argentina.<\/p>\n<p>Durante la asamblea, se incorporaron nuevos integrantes en representaci\u00f3n del entramado empresarial que conforma la entidad, reflejando su alcance federal y multisectorial. L<\/p>\n<p><strong><span style=\"color: #ff6600;\">Autoridades CAC 2026<\/span><\/strong><\/p>\n<ul>\n<li>Presidente: Natalio Mario Grinman<\/li>\n<li>Vicepresidente I: Eduardo Eurnekian<\/li>\n<li>Vicepresidente II: Guillermo Dietrich<\/li>\n<li>Vicepresidente III: Alberto Grimoldi<\/li>\n<li>Secretario: \u00c1ngel Machado<\/li>\n<li>Tesorero: Edgardo Phielipp<\/li>\n<li>Prosecretaria: Bettina Bulgheroni<\/li>\n<li>Protesorera: Mar\u00eda Luisa Macchiavello<\/li>\n<li>Prosecretario II: Rodrigo Perez Graziano<\/li>\n<li>Protesorero II: Martin Cabrales<\/li>\n<li>Vocales: Federico Braun; Jorge Luis Di Fiori y Artin Kalpakian.<\/li>\n<\/ul>\n<p>En ese marco, el presidente de la C\u00e1mara de Comercio y Servicios de San Juan, Hermes Rodr\u00edguez destac\u00f3 que \u00abla importancia de estos espacios permiten visibilizar la realidad de las econom\u00edas regionales y trabajar en conjunto por el desarrollo del sector. La asamblea es un \u00e1mbito clave para proyectar el futuro del sector, fortalecer la institucionalidad y consolidar una agenda de trabajo alineada a las necesidades actuales\u201d.<\/p>\n<p>La CAC representa desde 1924 al sector de Comercio y Servicios de la Argentina y nuclea a entidades sectoriales y territoriales, junto a peque\u00f1as, medianas y grandes empresas de todo el pa\u00eds.<\/p>\n<p><img loading=\"lazy\" decoding=\"async\" class=\"alignnone size-full wp-image-99094\" src=\"https:\/\/vocesparalelas.com.ar\/sitio\/wp-content\/uploads\/2026\/04\/NACIONALES-CAC-01.jpg\" alt=\"\" width=\"800\" height=\"520\" srcset=\"https:\/\/vocesparalelas.com.ar\/sitio\/wp-content\/uploads\/2026\/04\/NACIONALES-CAC-01.jpg 800w, https:\/\/vocesparalelas.com.ar\/sitio\/wp-content\/uploads\/2026\/04\/NACIONALES-CAC-01-300x195.jpg 300w, https:\/\/vocesparalelas.com.ar\/sitio\/wp-content\/uploads\/2026\/04\/NACIONALES-CAC-01-768x499.jpg 768w\" sizes=\"auto, (max-width: 800px) 100vw, 800px\" \/><\/p>\n","protected":false},"excerpt":{"rendered":"<p>La C\u00e1mara Argentina de Comercio y Servicios &#8211; CAC &#8211; realiz\u00f3 su Asamblea General Ordinaria anual, donde llev\u00f3 adelante la<\/p>\n","protected":false},"author":3,"featured_media":99095,"comment_status":"closed","ping_status":"closed","sticky":false,"template":"","format":"standard","meta":{"_acf_changed":false,"_seopress_robots_primary_cat":"none","_seopress_titles_title":"","_seopress_titles_desc":"","_seopress_robots_index":"","colormag_page_container_layout":"default_layout","colormag_page_sidebar_layout":"default_layout","footnotes":""},"categories":[1],"tags":[],"class_list":["post-99091","post","type-post","status-publish","format-standard","has-post-thumbnail","hentry","category-destacadas"],"acf":[],"_links":{"self":[{"href":"https:\/\/vocesparalelas.com.ar\/sitio\/wp-json\/wp\/v2\/posts\/99091","targetHints":{"allow":["GET"]}}],"collection":[{"href":"https:\/\/vocesparalelas.com.ar\/sitio\/wp-json\/wp\/v2\/posts"}],"about":[{"href":"https:\/\/vocesparalelas.com.ar\/sitio\/wp-json\/wp\/v2\/types\/post"}],"author":[{"embeddable":true,"href":"https:\/\/vocesparalelas.com.ar\/sitio\/wp-json\/wp\/v2\/users\/3"}],"replies":[{"embeddable":true,"href":"https:\/\/vocesparalelas.com.ar\/sitio\/wp-json\/wp\/v2\/comments?post=99091"}],"version-history":[{"count":4,"href":"https:\/\/vocesparalelas.com.ar\/sitio\/wp-json\/wp\/v2\/posts\/99091\/revisions"}],"predecessor-version":[{"id":99100,"href":"https:\/\/vocesparalelas.com.ar\/sitio\/wp-json\/wp\/v2\/posts\/99091\/revisions\/99100"}],"wp:featuredmedia":[{"embeddable":true,"href":"https:\/\/vocesparalelas.com.ar\/sitio\/wp-json\/wp\/v2\/media\/99095"}],"wp:attachment":[{"href":"https:\/\/vocesparalelas.com.ar\/sitio\/wp-json\/wp\/v2\/media?parent=99091"}],"wp:term":[{"taxonomy":"category","embeddable":true,"href":"https:\/\/vocesparalelas.com.ar\/sitio\/wp-json\/wp\/v2\/categories?post=99091"},{"taxonomy":"post_tag","embeddable":true,"href":"https:\/\/vocesparalelas.com.ar\/sitio\/wp-json\/wp\/v2\/tags?post=99091"}],"curies":[{"name":"wp","href":"https:\/\/api.w.org\/{rel}","templated":true}]}}