{"id":99064,"date":"2026-04-22T15:09:30","date_gmt":"2026-04-22T18:09:30","guid":{"rendered":"https:\/\/vocesparalelas.com.ar\/sitio\/?p=99064"},"modified":"2026-04-23T21:49:18","modified_gmt":"2026-04-24T00:49:18","slug":"vamos-a-defender-con-la-ley-en-la-mano-siempre-a-san-juan-y-a-los-habitante-contra-cualquier-tipo-de-ataque","status":"publish","type":"post","link":"https:\/\/vocesparalelas.com.ar\/sitio\/vamos-a-defender-con-la-ley-en-la-mano-siempre-a-san-juan-y-a-los-habitante-contra-cualquier-tipo-de-ataque\/","title":{"rendered":"\u00abVamos a defender con la Ley en la mano, siempre, a San Juan y a los habitante contra cualquier tipo de ataque\u201d"},"content":{"rendered":"<p>El gobernador de San Juan, Dr. Marcelo Orrego, nuevamente expres\u00f3 y ratific\u00f3 que \u00abla defensa de la jurisdicci\u00f3n provincial sobre el Proyecto Vicu\u00f1a. Vamos a defender con la Ley en la mano, siempre, a San Juan y a los habitante contra cualquier tipo de ataque\u201d.<\/p>\n<p>\u00abEl planteo realizado desde la provincia de La Rioja sobre los l\u00edmites interprovinciales y la jurisdicci\u00f3n del Proyecto Vicu\u00f1a, y ratific\u00f3 la posici\u00f3n del Gobierno sanjuanino respecto de la validez del marco legal vigente\u00bb.<\/p>\n<p>\u00abVamos a defender con la ley en la mano, siempre, a San Juan y a los sanjuaninos, contra cualquier tipo de ataque. El l\u00edmite entre San Juan y La Rioja lo fij\u00f3 la Ley Nacional 18.004, sancionada por el Congreso de la Naci\u00f3n. Es una ley, no un acuerdo de funcionarios. Est\u00e1 plenamente vigente, y lleva m\u00e1s de medio siglo de aplicaci\u00f3n ininterrumpida, atravesando todos los gobiernos democr\u00e1ticos\u00bb<\/p>\n<p>\u00abLa jurisdicci\u00f3n sanjuanina sobre el yacimiento es clara, legal y reconocida y los recursos naturales ubicados en el territorio provincial corresponden exclusivamente a la Provincia de San Juan, conforme al art\u00edculo 124 de la Constituci\u00f3n Nacional\u00bb.<\/p>\n<p>\u00abNo existe ninguna norma en la Argentina que obligue a una provincia a compartir las regal\u00edas de sus recursos con otra. Lo que est\u00e1 en el subsuelo sanjuanino es de los sanjuaninos. Y lo vamos a defender con la ley en la mano, no con declaraciones en los medios\u00bb.<\/p>\n<p>\u00abLlamo a encauzar cualquier diferencia por los canales institucionales. San Juan es una provincia de di\u00e1logo y de trabajo. Tenemos el mayor respeto por La Rioja. Pero una cosa es el di\u00e1logo institucional y otra es abrir debates que no tienen sustento jur\u00eddico. La ley es la ley, y las provincias no se corren con declaraciones\u00bb &#8211; sintetiz\u00f3\u00a0 el gobernador de San Juan, Dr. Marcelo Orrego.<\/p>\n<p>&nbsp;<\/p>\n<p><img loading=\"lazy\" decoding=\"async\" class=\"alignnone size-full wp-image-97556\" src=\"https:\/\/vocesparalelas.com.ar\/sitio\/wp-content\/uploads\/2026\/03\/MINERIA-SAN-JUAN-EXPLOTACION.jpg\" alt=\"\" width=\"800\" height=\"478\" srcset=\"https:\/\/vocesparalelas.com.ar\/sitio\/wp-content\/uploads\/2026\/03\/MINERIA-SAN-JUAN-EXPLOTACION.jpg 800w, https:\/\/vocesparalelas.com.ar\/sitio\/wp-content\/uploads\/2026\/03\/MINERIA-SAN-JUAN-EXPLOTACION-300x179.jpg 300w, https:\/\/vocesparalelas.com.ar\/sitio\/wp-content\/uploads\/2026\/03\/MINERIA-SAN-JUAN-EXPLOTACION-768x459.jpg 768w\" sizes=\"auto, (max-width: 800px) 100vw, 800px\" \/><\/p>\n","protected":false},"excerpt":{"rendered":"<p>El gobernador de San Juan, Dr. Marcelo Orrego, nuevamente expres\u00f3 y ratific\u00f3 que \u00abla defensa de la jurisdicci\u00f3n provincial sobre<\/p>\n","protected":false},"author":3,"featured_media":72296,"comment_status":"closed","ping_status":"closed","sticky":false,"template":"","format":"standard","meta":{"_acf_changed":false,"_seopress_robots_primary_cat":"none","_seopress_titles_title":"","_seopress_titles_desc":"","_seopress_robots_index":"","colormag_page_container_layout":"default_layout","colormag_page_sidebar_layout":"default_layout","footnotes":""},"categories":[10],"tags":[],"class_list":["post-99064","post","type-post","status-publish","format-standard","has-post-thumbnail","hentry","category-opiniones"],"acf":[],"_links":{"self":[{"href":"https:\/\/vocesparalelas.com.ar\/sitio\/wp-json\/wp\/v2\/posts\/99064","targetHints":{"allow":["GET"]}}],"collection":[{"href":"https:\/\/vocesparalelas.com.ar\/sitio\/wp-json\/wp\/v2\/posts"}],"about":[{"href":"https:\/\/vocesparalelas.com.ar\/sitio\/wp-json\/wp\/v2\/types\/post"}],"author":[{"embeddable":true,"href":"https:\/\/vocesparalelas.com.ar\/sitio\/wp-json\/wp\/v2\/users\/3"}],"replies":[{"embeddable":true,"href":"https:\/\/vocesparalelas.com.ar\/sitio\/wp-json\/wp\/v2\/comments?post=99064"}],"version-history":[{"count":3,"href":"https:\/\/vocesparalelas.com.ar\/sitio\/wp-json\/wp\/v2\/posts\/99064\/revisions"}],"predecessor-version":[{"id":99069,"href":"https:\/\/vocesparalelas.com.ar\/sitio\/wp-json\/wp\/v2\/posts\/99064\/revisions\/99069"}],"wp:featuredmedia":[{"embeddable":true,"href":"https:\/\/vocesparalelas.com.ar\/sitio\/wp-json\/wp\/v2\/media\/72296"}],"wp:attachment":[{"href":"https:\/\/vocesparalelas.com.ar\/sitio\/wp-json\/wp\/v2\/media?parent=99064"}],"wp:term":[{"taxonomy":"category","embeddable":true,"href":"https:\/\/vocesparalelas.com.ar\/sitio\/wp-json\/wp\/v2\/categories?post=99064"},{"taxonomy":"post_tag","embeddable":true,"href":"https:\/\/vocesparalelas.com.ar\/sitio\/wp-json\/wp\/v2\/tags?post=99064"}],"curies":[{"name":"wp","href":"https:\/\/api.w.org\/{rel}","templated":true}]}}