{"id":99057,"date":"2026-04-22T13:57:13","date_gmt":"2026-04-22T16:57:13","guid":{"rendered":"https:\/\/vocesparalelas.com.ar\/sitio\/?p=99057"},"modified":"2026-04-23T21:52:26","modified_gmt":"2026-04-24T00:52:26","slug":"somos-conscientes-como-tratamos-nuestra-tierra","status":"publish","type":"post","link":"https:\/\/vocesparalelas.com.ar\/sitio\/somos-conscientes-como-tratamos-nuestra-tierra\/","title":{"rendered":"Somos conscientes \u00bfC\u00f3mo tratamos nuestra Tierra?"},"content":{"rendered":"<p>Por la Lic. en Trabajo Social Silvia Mart\u00edn<\/p>\n<p>Cada 22 de abril, el mundo recuerda el D\u00eda de la Tierra. Pero m\u00e1s all\u00e1 de las consignas globales, la pregunta inc\u00f3moda es local: \u00bfqu\u00e9 hacemos con nuestra propia tierra sanjuanina?<\/p>\n<p>Vivimos en una provincia donde la tierra no es un concepto abstracto. Es polvo en suspensi\u00f3n, es sequ\u00eda persistente, es viento zonda que arrasa, es agua que escasea y que vale m\u00e1s que el oro. En San Juan, cuidar la tierra no es una opci\u00f3n rom\u00e1ntica: es una necesidad urgente.<\/p>\n<p>Sin embargo, la contradicci\u00f3n es evidente. Mientras hablamos de sustentabilidad, seguimos naturalizando pr\u00e1cticas que degradan nuestro entorno: el uso irresponsable del agua, los residuos que no se gestionan, los espacios verdes abandonados, la indiferencia cotidiana. Nos preocupa el futuro, pero muchas veces actuamos como si los recursos fueran infinitos.<\/p>\n<p><strong><span style=\"color: #800000;\">Somos conscientes \u00bfC\u00f3mo tratamos nuestra Tierra?<\/span><\/strong><\/p>\n<p>La respuesta no siempre es c\u00f3moda. Porque cuidar la tierra no es solo plantar un \u00e1rbol una vez al a\u00f1o o compartir una frase en redes. Es revisar h\u00e1bitos, exigir pol\u00edticas coherentes y asumir que cada acci\u00f3n \u2014por m\u00ednima que parezca\u2014 deja huella.<\/p>\n<p>San Juan tiene una riqueza natural inmensa, pero tambi\u00e9n una fragilidad extrema. Y esa fragilidad nos interpela: \u00bfvamos a seguir explotando sin medida o vamos a aprender a convivir con respeto?<\/p>\n<p>Hoy no alcanza con conmemorar.<\/p>\n<p>Hoy hace falta compromiso.<\/p>\n<p>Cuidar nuestra tierra sanjuanina implica entender que no hay desarrollo posible si destruimos la base que lo sostiene. Implica dejar de mirar para otro lado y empezar a actuar, desde lo cotidiano hasta lo colectivo.<br \/>\nPorque la tierra no necesita discursos.<\/p>\n<p>Necesita decisiones.<\/p>\n<p>&nbsp;<\/p>\n<p><img loading=\"lazy\" decoding=\"async\" class=\"alignnone size-full wp-image-73642\" src=\"https:\/\/vocesparalelas.com.ar\/sitio\/wp-content\/uploads\/2024\/06\/IGLESIA-CANAL-REGADIO.jpg\" alt=\"\" width=\"800\" height=\"450\" srcset=\"https:\/\/vocesparalelas.com.ar\/sitio\/wp-content\/uploads\/2024\/06\/IGLESIA-CANAL-REGADIO.jpg 800w, https:\/\/vocesparalelas.com.ar\/sitio\/wp-content\/uploads\/2024\/06\/IGLESIA-CANAL-REGADIO-300x169.jpg 300w, https:\/\/vocesparalelas.com.ar\/sitio\/wp-content\/uploads\/2024\/06\/IGLESIA-CANAL-REGADIO-768x432.jpg 768w\" sizes=\"auto, (max-width: 800px) 100vw, 800px\" \/><\/p>\n","protected":false},"excerpt":{"rendered":"<p>Por la Lic. en Trabajo Social Silvia Mart\u00edn Cada 22 de abril, el mundo recuerda el D\u00eda de la Tierra.<\/p>\n","protected":false},"author":3,"featured_media":31590,"comment_status":"closed","ping_status":"closed","sticky":false,"template":"","format":"standard","meta":{"_acf_changed":false,"_seopress_robots_primary_cat":"none","_seopress_titles_title":"","_seopress_titles_desc":"","_seopress_robots_index":"","colormag_page_container_layout":"default_layout","colormag_page_sidebar_layout":"default_layout","footnotes":""},"categories":[10],"tags":[],"class_list":["post-99057","post","type-post","status-publish","format-standard","has-post-thumbnail","hentry","category-opiniones"],"acf":[],"_links":{"self":[{"href":"https:\/\/vocesparalelas.com.ar\/sitio\/wp-json\/wp\/v2\/posts\/99057","targetHints":{"allow":["GET"]}}],"collection":[{"href":"https:\/\/vocesparalelas.com.ar\/sitio\/wp-json\/wp\/v2\/posts"}],"about":[{"href":"https:\/\/vocesparalelas.com.ar\/sitio\/wp-json\/wp\/v2\/types\/post"}],"author":[{"embeddable":true,"href":"https:\/\/vocesparalelas.com.ar\/sitio\/wp-json\/wp\/v2\/users\/3"}],"replies":[{"embeddable":true,"href":"https:\/\/vocesparalelas.com.ar\/sitio\/wp-json\/wp\/v2\/comments?post=99057"}],"version-history":[{"count":4,"href":"https:\/\/vocesparalelas.com.ar\/sitio\/wp-json\/wp\/v2\/posts\/99057\/revisions"}],"predecessor-version":[{"id":99063,"href":"https:\/\/vocesparalelas.com.ar\/sitio\/wp-json\/wp\/v2\/posts\/99057\/revisions\/99063"}],"wp:featuredmedia":[{"embeddable":true,"href":"https:\/\/vocesparalelas.com.ar\/sitio\/wp-json\/wp\/v2\/media\/31590"}],"wp:attachment":[{"href":"https:\/\/vocesparalelas.com.ar\/sitio\/wp-json\/wp\/v2\/media?parent=99057"}],"wp:term":[{"taxonomy":"category","embeddable":true,"href":"https:\/\/vocesparalelas.com.ar\/sitio\/wp-json\/wp\/v2\/categories?post=99057"},{"taxonomy":"post_tag","embeddable":true,"href":"https:\/\/vocesparalelas.com.ar\/sitio\/wp-json\/wp\/v2\/tags?post=99057"}],"curies":[{"name":"wp","href":"https:\/\/api.w.org\/{rel}","templated":true}]}}