{"id":99041,"date":"2026-04-22T12:47:35","date_gmt":"2026-04-22T15:47:35","guid":{"rendered":"https:\/\/vocesparalelas.com.ar\/sitio\/?p=99041"},"modified":"2026-04-22T22:16:49","modified_gmt":"2026-04-23T01:16:49","slug":"exposicion-de-pintura-momentos-en-un-camino-espiritual-de-la-artista-plastica-isabel-fernandez","status":"publish","type":"post","link":"https:\/\/vocesparalelas.com.ar\/sitio\/exposicion-de-pintura-momentos-en-un-camino-espiritual-de-la-artista-plastica-isabel-fernandez\/","title":{"rendered":"Exposici\u00f3n de pintura \u00abMomentos en un camino espiritual\u00bb de la Artista pl\u00e1stica Isabel Fern\u00e1ndez"},"content":{"rendered":"<p>El Jueves, 23 de Abril, a las 18 hs.; en el\u00a0Sal\u00f3n de la Parroquia Santa Luc\u00eda se desarrolla la presentaci\u00f3n de la exposici\u00f3n de pintura \u00abMomentos en un camino espiritual\u00bb de la Artista pl\u00e1stica Isabel Fern\u00e1ndez.<\/p>\n<p>En este contexto, Isabel Fern\u00e1ndez explic\u00f3 que \u00abesta exposici\u00f3n cuyas obras fueron presentadas en el 2021 pero represent\u00f3 la espiritualidad en distintos credos, en el Centro Cultural de la Estaci\u00f3n San Mart\u00edn. en esta ocasi\u00f3n voy a exponer otras obras que reflejan la espiritualidad en distintos momentos que nos toca vivir.<\/p>\n<p>Es muy especial en lo personal porque en Abril<\/p>\n<ul>\n<li>pasamos Semana Santa<\/li>\n<li>estamos en oto\u00f1o con el desprendimiento de otra temporada el invierno<\/li>\n<li>la guerra en el mundo<\/li>\n<li>la nave espacial con los astronautas<\/li>\n<\/ul>\n<p>Estas situaciones nos invitan a la espiritualidad que convoca a reflexionar. Cada uno lo tiene asumir. esto es lo que me llev\u00f3 e expresarlo a trav\u00e9s de la pintura con una exposici\u00f3n convocante donde el centro es la espiritualidad\u00bb &#8211; sintetiz\u00f3 la Artista pl\u00e1stica Isabel Fern\u00e1ndez.<\/p>\n<p>&nbsp;<\/p>\n<figure id=\"attachment_99045\" aria-describedby=\"caption-attachment-99045\" style=\"width: 800px\" class=\"wp-caption alignnone\"><img loading=\"lazy\" decoding=\"async\" class=\"wp-image-99045 size-full\" src=\"https:\/\/vocesparalelas.com.ar\/sitio\/wp-content\/uploads\/2026\/04\/PARRIOCA-SANTA-LUCIA-01.jpg\" alt=\"\" width=\"800\" height=\"453\" srcset=\"https:\/\/vocesparalelas.com.ar\/sitio\/wp-content\/uploads\/2026\/04\/PARRIOCA-SANTA-LUCIA-01.jpg 800w, https:\/\/vocesparalelas.com.ar\/sitio\/wp-content\/uploads\/2026\/04\/PARRIOCA-SANTA-LUCIA-01-300x170.jpg 300w, https:\/\/vocesparalelas.com.ar\/sitio\/wp-content\/uploads\/2026\/04\/PARRIOCA-SANTA-LUCIA-01-768x435.jpg 768w\" sizes=\"auto, (max-width: 800px) 100vw, 800px\" \/><figcaption id=\"caption-attachment-99045\" class=\"wp-caption-text\">Parroquia Santa Luc\u00eda, Departamento Santa Luc\u00eda, Provincia de San Juan, Rep\u00fablica Argentina<\/figcaption><\/figure>\n<p>&nbsp;<\/p>\n<p>&nbsp;<\/p>\n<p>&nbsp;<\/p>\n","protected":false},"excerpt":{"rendered":"<p>El Jueves, 23 de Abril, a las 18 hs.; en el\u00a0Sal\u00f3n de la Parroquia Santa Luc\u00eda se desarrolla la presentaci\u00f3n<\/p>\n","protected":false},"author":3,"featured_media":99044,"comment_status":"closed","ping_status":"closed","sticky":false,"template":"","format":"standard","meta":{"_acf_changed":false,"_seopress_robots_primary_cat":"none","_seopress_titles_title":"","_seopress_titles_desc":"","_seopress_robots_index":"","colormag_page_container_layout":"default_layout","colormag_page_sidebar_layout":"default_layout","footnotes":""},"categories":[20],"tags":[],"class_list":["post-99041","post","type-post","status-publish","format-standard","has-post-thumbnail","hentry","category-cartelera"],"acf":[],"_links":{"self":[{"href":"https:\/\/vocesparalelas.com.ar\/sitio\/wp-json\/wp\/v2\/posts\/99041","targetHints":{"allow":["GET"]}}],"collection":[{"href":"https:\/\/vocesparalelas.com.ar\/sitio\/wp-json\/wp\/v2\/posts"}],"about":[{"href":"https:\/\/vocesparalelas.com.ar\/sitio\/wp-json\/wp\/v2\/types\/post"}],"author":[{"embeddable":true,"href":"https:\/\/vocesparalelas.com.ar\/sitio\/wp-json\/wp\/v2\/users\/3"}],"replies":[{"embeddable":true,"href":"https:\/\/vocesparalelas.com.ar\/sitio\/wp-json\/wp\/v2\/comments?post=99041"}],"version-history":[{"count":2,"href":"https:\/\/vocesparalelas.com.ar\/sitio\/wp-json\/wp\/v2\/posts\/99041\/revisions"}],"predecessor-version":[{"id":99052,"href":"https:\/\/vocesparalelas.com.ar\/sitio\/wp-json\/wp\/v2\/posts\/99041\/revisions\/99052"}],"wp:featuredmedia":[{"embeddable":true,"href":"https:\/\/vocesparalelas.com.ar\/sitio\/wp-json\/wp\/v2\/media\/99044"}],"wp:attachment":[{"href":"https:\/\/vocesparalelas.com.ar\/sitio\/wp-json\/wp\/v2\/media?parent=99041"}],"wp:term":[{"taxonomy":"category","embeddable":true,"href":"https:\/\/vocesparalelas.com.ar\/sitio\/wp-json\/wp\/v2\/categories?post=99041"},{"taxonomy":"post_tag","embeddable":true,"href":"https:\/\/vocesparalelas.com.ar\/sitio\/wp-json\/wp\/v2\/tags?post=99041"}],"curies":[{"name":"wp","href":"https:\/\/api.w.org\/{rel}","templated":true}]}}