{"id":99015,"date":"2026-04-21T13:08:57","date_gmt":"2026-04-21T16:08:57","guid":{"rendered":"https:\/\/vocesparalelas.com.ar\/sitio\/?p=99015"},"modified":"2026-04-22T22:19:42","modified_gmt":"2026-04-23T01:19:42","slug":"xk-race-san-juan-2026-en-el-departamento-iglesia","status":"publish","type":"post","link":"https:\/\/vocesparalelas.com.ar\/sitio\/xk-race-san-juan-2026-en-el-departamento-iglesia\/","title":{"rendered":"XK Race San Juan 2026 en el Departamento Iglesia"},"content":{"rendered":"<p>Con el apoyo del Gobierno de San Juan a trav\u00e9s del Ministerio de Turismo, Cultura y Deporte, la provincia es sede de la Ansilta XK Race 2026 ARWS , una de las competencias de aventura m\u00e1s exigentes del continente, del 23 al 25 de abril en el Departamento Iglesia.<\/p>\n<p>La provincia de San Juan vuelve a posicionarse en el mapa del deporte de aventura con la llegada de la XK Race San Juan 2026, que se disputa del 23 al 25 de Abril, en el departamento Iglesia, con base en la localidad de Rodeo.<\/p>\n<p>La competencia forma parte del calendario sudamericano de carreras de aventura y reunir\u00e1 a equipos de distintos puntos de Argentina. Se ha completado el cupo de participaci\u00f3n de 150 atletas, organizados en 50 equipos.<\/p>\n<p>Considerada como una de las pruebas m\u00e1s importantes del pa\u00eds dentro de su disciplina, la XK Race ha sido definida como el \u201cDakar en tracci\u00f3n a sangre\u201d debido a su nivel de exigencia y formato non-stop. Adem\u00e1s, cuenta con cobertura de medios especializados, lo que amplifica su impacto deportivo y tur\u00edstico.<\/p>\n<p>La carrera propone una traves\u00eda de m\u00e1s de 200 kil\u00f3metros en la que los competidores deber\u00e1n combinar disciplinas como kayak, mountain bike y trekking, avanzando mediante navegaci\u00f3n con hoja de ruta y cartograf\u00eda. La estrategia y la orientaci\u00f3n ser\u00e1n tan determinantes como la resistencia f\u00edsica.<\/p>\n<p>El recorrido abarca distintos puntos del departamento Iglesia, incluyendo Rodeo, Tudcum, Las Flores, Pismanta y el entorno del dique Cuesta del Viento, escenarios caracterizados por su diversidad geogr\u00e1fica y condiciones desafiantes.<\/p>\n<p><span style=\"color: #ff6600;\"><strong>Ancededentes<\/strong><\/span><\/p>\n<p>San Juan ya fue sede de esta competencia en varias oportunidades:<\/p>\n<ul>\n<li>2007 y 2011, Barreal y Calingasta<\/li>\n<li>2015, Rodeo \u2013 Valle F\u00e9rtil y<\/li>\n<li>2018, Ullum y Punta Negra<\/li>\n<\/ul>\n<p>Aantecedentes que refuerzan su posicionamiento como destino para el desarrollo de eventos de aventura de gran escala.<\/p>\n<p>Con esta nueva edici\u00f3n, la provincia busca consolidar su perfil como plaza estrat\u00e9gica para el turismo deportivo, combinando competencia de alto nivel con la promoci\u00f3n de sus paisajes naturales.<\/p>\n<p>Cabe destacar que el evento constituye una etapa clasificatoria del Campeonato Sudamericano de Carreras de Aventura, otorgando una plaza para la final internacional a desarrollarse en Paraguay a comienzos del a\u00f1o 2027, el cual a su vez otorga la plaza para el Mundial de Carreras de Aventura en Croacia 2027.<\/p>\n<p><img loading=\"lazy\" decoding=\"async\" class=\"alignnone size-full wp-image-99018\" src=\"https:\/\/vocesparalelas.com.ar\/sitio\/wp-content\/uploads\/2026\/04\/XK-Race-San-Juan-2026-01.jpg\" alt=\"\" width=\"800\" height=\"450\" srcset=\"https:\/\/vocesparalelas.com.ar\/sitio\/wp-content\/uploads\/2026\/04\/XK-Race-San-Juan-2026-01.jpg 800w, https:\/\/vocesparalelas.com.ar\/sitio\/wp-content\/uploads\/2026\/04\/XK-Race-San-Juan-2026-01-300x169.jpg 300w, https:\/\/vocesparalelas.com.ar\/sitio\/wp-content\/uploads\/2026\/04\/XK-Race-San-Juan-2026-01-768x432.jpg 768w\" sizes=\"auto, (max-width: 800px) 100vw, 800px\" \/><\/p>\n<p>&nbsp;<\/p>\n","protected":false},"excerpt":{"rendered":"<p>Con el apoyo del Gobierno de San Juan a trav\u00e9s del Ministerio de Turismo, Cultura y Deporte, la provincia es<\/p>\n","protected":false},"author":3,"featured_media":99019,"comment_status":"closed","ping_status":"closed","sticky":false,"template":"","format":"standard","meta":{"_acf_changed":false,"_seopress_robots_primary_cat":"none","_seopress_titles_title":"","_seopress_titles_desc":"","_seopress_robots_index":"","colormag_page_container_layout":"default_layout","colormag_page_sidebar_layout":"default_layout","footnotes":""},"categories":[20],"tags":[],"class_list":["post-99015","post","type-post","status-publish","format-standard","has-post-thumbnail","hentry","category-cartelera"],"acf":[],"_links":{"self":[{"href":"https:\/\/vocesparalelas.com.ar\/sitio\/wp-json\/wp\/v2\/posts\/99015","targetHints":{"allow":["GET"]}}],"collection":[{"href":"https:\/\/vocesparalelas.com.ar\/sitio\/wp-json\/wp\/v2\/posts"}],"about":[{"href":"https:\/\/vocesparalelas.com.ar\/sitio\/wp-json\/wp\/v2\/types\/post"}],"author":[{"embeddable":true,"href":"https:\/\/vocesparalelas.com.ar\/sitio\/wp-json\/wp\/v2\/users\/3"}],"replies":[{"embeddable":true,"href":"https:\/\/vocesparalelas.com.ar\/sitio\/wp-json\/wp\/v2\/comments?post=99015"}],"version-history":[{"count":3,"href":"https:\/\/vocesparalelas.com.ar\/sitio\/wp-json\/wp\/v2\/posts\/99015\/revisions"}],"predecessor-version":[{"id":99022,"href":"https:\/\/vocesparalelas.com.ar\/sitio\/wp-json\/wp\/v2\/posts\/99015\/revisions\/99022"}],"wp:featuredmedia":[{"embeddable":true,"href":"https:\/\/vocesparalelas.com.ar\/sitio\/wp-json\/wp\/v2\/media\/99019"}],"wp:attachment":[{"href":"https:\/\/vocesparalelas.com.ar\/sitio\/wp-json\/wp\/v2\/media?parent=99015"}],"wp:term":[{"taxonomy":"category","embeddable":true,"href":"https:\/\/vocesparalelas.com.ar\/sitio\/wp-json\/wp\/v2\/categories?post=99015"},{"taxonomy":"post_tag","embeddable":true,"href":"https:\/\/vocesparalelas.com.ar\/sitio\/wp-json\/wp\/v2\/tags?post=99015"}],"curies":[{"name":"wp","href":"https:\/\/api.w.org\/{rel}","templated":true}]}}