{"id":99011,"date":"2026-04-21T12:49:45","date_gmt":"2026-04-21T15:49:45","guid":{"rendered":"https:\/\/vocesparalelas.com.ar\/sitio\/?p=99011"},"modified":"2026-04-22T22:18:12","modified_gmt":"2026-04-23T01:18:12","slug":"que-nos-dejo-que-aprendimos-de-su-vida-del-papa-francisco","status":"publish","type":"post","link":"https:\/\/vocesparalelas.com.ar\/sitio\/que-nos-dejo-que-aprendimos-de-su-vida-del-papa-francisco\/","title":{"rendered":"\u00bfQu\u00e9 nos dej\u00f3? \u00bfQu\u00e9 aprendimos de su vida? del Papa Francisco"},"content":{"rendered":"<p>Por la Lic. em Servicio Social, Silvia Mart\u00edn<\/p>\n<p>Un d\u00eda como hoy, en el a\u00f1o 2025, el mundo despidi\u00f3 a Papa Francisco, una figura que trascendi\u00f3 lo religioso para convertirse en un referente moral y humano de alcance global.<\/p>\n<p>M\u00e1s all\u00e1 de su rol como l\u00edder de la Iglesia Cat\u00f3lica, su legado no se mide solo en palabras, sino en gestos concretos que interpelaron a una sociedad muchas veces indiferente.<\/p>\n<p>\u00bfQu\u00e9 nos dej\u00f3? \u00bfQu\u00e9 aprendimos de su vida?<\/p>\n<p>Nos ense\u00f1\u00f3, ante todo, que el poder puede ejercerse con humildad. Eligi\u00f3 la sencillez en un lugar donde hist\u00f3ricamente predominaba la solemnidad. Rechaz\u00f3 privilegios, acerc\u00f3 distancias y record\u00f3 que liderar no es imponerse, sino servir.<\/p>\n<p>Nos dej\u00f3 una mirada profundamente humana sobre los m\u00e1s vulnerables. Puso en el centro a los pobres, a los excluidos, a quienes el sistema descarta. No como discurso, sino como prioridad. En tiempos donde la desigualdad crece, su mensaje fue inc\u00f3modo\u2026 y necesario.<\/p>\n<p>Tambi\u00e9n nos oblig\u00f3 a repensar la responsabilidad individual y colectiva. Habl\u00f3 del cuidado del ambiente como una deuda moral, advirtiendo que destruir la casa com\u00fan es, en definitiva, destruirnos a nosotros mismos.<\/p>\n<p>Pero quiz\u00e1s su ense\u00f1anza m\u00e1s potente fue la del encuentro. En un mundo fragmentado, promovi\u00f3 el di\u00e1logo por sobre el conflicto, la escucha por sobre el prejuicio. No neg\u00f3 las diferencias, pero insisti\u00f3 en que ninguna justifica la indiferencia o el odio.<\/p>\n<p>Su vida no estuvo exenta de cr\u00edticas ni contradicciones. Y ah\u00ed radica otra lecci\u00f3n: la coherencia no es perfecci\u00f3n, sino la b\u00fasqueda constante de hacer lo correcto, incluso en medio de tensiones.<\/p>\n<p>Hoy, m\u00e1s que recordarlo, el desaf\u00edo es inc\u00f3modo pero claro: \u00bfEstamos dispuestos a vivir aunque sea una parte de lo que \u00e9l predic\u00f3? Porque el verdadero legado no est\u00e1 en la figura que se va, sino en lo que cada uno decide hacer con lo que esa vida dej\u00f3.<\/p>\n<p>&nbsp;<\/p>\n<figure id=\"attachment_85538\" aria-describedby=\"caption-attachment-85538\" style=\"width: 800px\" class=\"wp-caption alignnone\"><img loading=\"lazy\" decoding=\"async\" class=\"size-full wp-image-85538\" src=\"https:\/\/vocesparalelas.com.ar\/sitio\/wp-content\/uploads\/2025\/04\/PAPA-FRANCISCO-01.png\" alt=\"\" width=\"800\" height=\"450\" srcset=\"https:\/\/vocesparalelas.com.ar\/sitio\/wp-content\/uploads\/2025\/04\/PAPA-FRANCISCO-01.png 800w, https:\/\/vocesparalelas.com.ar\/sitio\/wp-content\/uploads\/2025\/04\/PAPA-FRANCISCO-01-300x169.png 300w, https:\/\/vocesparalelas.com.ar\/sitio\/wp-content\/uploads\/2025\/04\/PAPA-FRANCISCO-01-768x432.png 768w\" sizes=\"auto, (max-width: 800px) 100vw, 800px\" \/><figcaption id=\"caption-attachment-85538\" class=\"wp-caption-text\">Papa Francisco 17 &#8211; 12 &#8211; 1936 &#8211; 21 &#8211; 04- 2025<\/figcaption><\/figure>\n","protected":false},"excerpt":{"rendered":"<p>Por la Lic. em Servicio Social, Silvia Mart\u00edn Un d\u00eda como hoy, en el a\u00f1o 2025, el mundo despidi\u00f3 a<\/p>\n","protected":false},"author":3,"featured_media":27278,"comment_status":"closed","ping_status":"closed","sticky":false,"template":"","format":"standard","meta":{"_acf_changed":false,"_seopress_robots_primary_cat":"none","_seopress_titles_title":"","_seopress_titles_desc":"","_seopress_robots_index":"","colormag_page_container_layout":"default_layout","colormag_page_sidebar_layout":"default_layout","footnotes":""},"categories":[10],"tags":[],"class_list":["post-99011","post","type-post","status-publish","format-standard","has-post-thumbnail","hentry","category-opiniones"],"acf":[],"_links":{"self":[{"href":"https:\/\/vocesparalelas.com.ar\/sitio\/wp-json\/wp\/v2\/posts\/99011","targetHints":{"allow":["GET"]}}],"collection":[{"href":"https:\/\/vocesparalelas.com.ar\/sitio\/wp-json\/wp\/v2\/posts"}],"about":[{"href":"https:\/\/vocesparalelas.com.ar\/sitio\/wp-json\/wp\/v2\/types\/post"}],"author":[{"embeddable":true,"href":"https:\/\/vocesparalelas.com.ar\/sitio\/wp-json\/wp\/v2\/users\/3"}],"replies":[{"embeddable":true,"href":"https:\/\/vocesparalelas.com.ar\/sitio\/wp-json\/wp\/v2\/comments?post=99011"}],"version-history":[{"count":2,"href":"https:\/\/vocesparalelas.com.ar\/sitio\/wp-json\/wp\/v2\/posts\/99011\/revisions"}],"predecessor-version":[{"id":99098,"href":"https:\/\/vocesparalelas.com.ar\/sitio\/wp-json\/wp\/v2\/posts\/99011\/revisions\/99098"}],"wp:featuredmedia":[{"embeddable":true,"href":"https:\/\/vocesparalelas.com.ar\/sitio\/wp-json\/wp\/v2\/media\/27278"}],"wp:attachment":[{"href":"https:\/\/vocesparalelas.com.ar\/sitio\/wp-json\/wp\/v2\/media?parent=99011"}],"wp:term":[{"taxonomy":"category","embeddable":true,"href":"https:\/\/vocesparalelas.com.ar\/sitio\/wp-json\/wp\/v2\/categories?post=99011"},{"taxonomy":"post_tag","embeddable":true,"href":"https:\/\/vocesparalelas.com.ar\/sitio\/wp-json\/wp\/v2\/tags?post=99011"}],"curies":[{"name":"wp","href":"https:\/\/api.w.org\/{rel}","templated":true}]}}