{"id":98934,"date":"2026-04-17T20:44:29","date_gmt":"2026-04-17T23:44:29","guid":{"rendered":"https:\/\/vocesparalelas.com.ar\/sitio\/?p=98934"},"modified":"2026-04-20T22:54:43","modified_gmt":"2026-04-21T01:54:43","slug":"modificaciones-en-el-recorrido-de-la-linea-210-de-redtulum-san-juan","status":"publish","type":"post","link":"https:\/\/vocesparalelas.com.ar\/sitio\/modificaciones-en-el-recorrido-de-la-linea-210-de-redtulum-san-juan\/","title":{"rendered":"Modificaciones en el recorrido de la l\u00ednea 210 de RedTulum San Juan"},"content":{"rendered":"<p>El Ministerio de Gobierno de San Juan informa los cambios en el recorrido habitual correspondiente a la l\u00ednea 210, la cual abarca los departamentos Pocito, Rawson y Capital. Estas modificaciones tendr\u00e1n lugar el d\u00eda 18 de abril, con un per\u00edodo de prueba de <span style=\"color: #000000;\">30<\/span> d\u00edas, que permitir\u00e1n evaluar el impacto en la poblaci\u00f3n afectada.<\/p>\n<p>La Direcci\u00f3n de Coordinaci\u00f3n de RedTulum comunic\u00f3 que la acci\u00f3n se debe a la b\u00fasqueda de mejorar la conexi\u00f3n entre puntos importantes como escuelas, hospitales, zonas comerciales, instituciones y servicios; as\u00ed como optimizar la puntualidad y regularidad de los colectivos, agilizando el servicio, reduciendo tiempos y evitando embotellamientos.<\/p>\n<p>Este an\u00e1lisis responde a las sugerencias de los habitantes de las zonas implicadas en el recorrido de la l\u00ednea 210, as\u00ed como estudios con la empresa prestataria.<\/p>\n<p><span style=\"color: #ff6600;\"><strong>Los cambios del 210 en calles<\/strong><\/span><\/p>\n<p>El tramo modificado ser\u00e1, desde Pocito hacia Capital, por General Acha, Av. C\u00f3rdoba, Av. Rioja, Mitre, Av. Rawson, Santa Fe y Mendoza, continuando desde all\u00ed por el trazado habitual.<\/p>\n<p>&nbsp;<\/p>\n<p><img loading=\"lazy\" decoding=\"async\" class=\"alignnone size-full wp-image-65642\" src=\"https:\/\/vocesparalelas.com.ar\/sitio\/wp-content\/uploads\/2023\/11\/GOBIERNO-SAN-JUAN.jpg\" alt=\"\" width=\"800\" height=\"600\" srcset=\"https:\/\/vocesparalelas.com.ar\/sitio\/wp-content\/uploads\/2023\/11\/GOBIERNO-SAN-JUAN.jpg 800w, https:\/\/vocesparalelas.com.ar\/sitio\/wp-content\/uploads\/2023\/11\/GOBIERNO-SAN-JUAN-300x225.jpg 300w, https:\/\/vocesparalelas.com.ar\/sitio\/wp-content\/uploads\/2023\/11\/GOBIERNO-SAN-JUAN-768x576.jpg 768w\" sizes=\"auto, (max-width: 800px) 100vw, 800px\" \/><\/p>\n","protected":false},"excerpt":{"rendered":"<p>El Ministerio de Gobierno de San Juan informa los cambios en el recorrido habitual correspondiente a la l\u00ednea 210, la<\/p>\n","protected":false},"author":3,"featured_media":48167,"comment_status":"closed","ping_status":"closed","sticky":false,"template":"","format":"standard","meta":{"_acf_changed":false,"_seopress_robots_primary_cat":"none","_seopress_titles_title":"","_seopress_titles_desc":"","_seopress_robots_index":"","colormag_page_container_layout":"default_layout","colormag_page_sidebar_layout":"default_layout","footnotes":""},"categories":[6],"tags":[],"class_list":["post-98934","post","type-post","status-publish","format-standard","has-post-thumbnail","hentry","category-eventos"],"acf":[],"_links":{"self":[{"href":"https:\/\/vocesparalelas.com.ar\/sitio\/wp-json\/wp\/v2\/posts\/98934","targetHints":{"allow":["GET"]}}],"collection":[{"href":"https:\/\/vocesparalelas.com.ar\/sitio\/wp-json\/wp\/v2\/posts"}],"about":[{"href":"https:\/\/vocesparalelas.com.ar\/sitio\/wp-json\/wp\/v2\/types\/post"}],"author":[{"embeddable":true,"href":"https:\/\/vocesparalelas.com.ar\/sitio\/wp-json\/wp\/v2\/users\/3"}],"replies":[{"embeddable":true,"href":"https:\/\/vocesparalelas.com.ar\/sitio\/wp-json\/wp\/v2\/comments?post=98934"}],"version-history":[{"count":1,"href":"https:\/\/vocesparalelas.com.ar\/sitio\/wp-json\/wp\/v2\/posts\/98934\/revisions"}],"predecessor-version":[{"id":98937,"href":"https:\/\/vocesparalelas.com.ar\/sitio\/wp-json\/wp\/v2\/posts\/98934\/revisions\/98937"}],"wp:featuredmedia":[{"embeddable":true,"href":"https:\/\/vocesparalelas.com.ar\/sitio\/wp-json\/wp\/v2\/media\/48167"}],"wp:attachment":[{"href":"https:\/\/vocesparalelas.com.ar\/sitio\/wp-json\/wp\/v2\/media?parent=98934"}],"wp:term":[{"taxonomy":"category","embeddable":true,"href":"https:\/\/vocesparalelas.com.ar\/sitio\/wp-json\/wp\/v2\/categories?post=98934"},{"taxonomy":"post_tag","embeddable":true,"href":"https:\/\/vocesparalelas.com.ar\/sitio\/wp-json\/wp\/v2\/tags?post=98934"}],"curies":[{"name":"wp","href":"https:\/\/api.w.org\/{rel}","templated":true}]}}