{"id":98828,"date":"2026-04-13T15:56:39","date_gmt":"2026-04-13T18:56:39","guid":{"rendered":"https:\/\/vocesparalelas.com.ar\/sitio\/?p=98828"},"modified":"2026-04-15T21:22:46","modified_gmt":"2026-04-16T00:22:46","slug":"abrazo-simbolico-y-marcha-de-antorchas-de-la-comunidad-universitaria-de-san-juan","status":"publish","type":"post","link":"https:\/\/vocesparalelas.com.ar\/sitio\/abrazo-simbolico-y-marcha-de-antorchas-de-la-comunidad-universitaria-de-san-juan\/","title":{"rendered":"Abrazo Simb\u00f3lico y Marcha de Antorchas de la comunidad universitaria de San Juan"},"content":{"rendered":"<p>ADICUS San Juan convoca el Mi\u00e9rcoles, 15 de Abril, a las 19 horas al Paro con visibilizaci\u00f3n con el Abrazo Simb\u00f3lico y Marcha de Antorchas en el Instituto Preuniversitario de la Universidad Nacional de San Juan, Escuela de Comercio<\/p>\n<ul>\n<li>Se convoca a la comunidad universitaria a sumarse<\/li>\n<li>En defensa de la Educaci\u00f3n P\u00fablica<\/li>\n<li>Efectiva aplicaci\u00f3n de la Ley de Financiamiento Universitario<\/li>\n<\/ul>\n<p><iframe loading=\"lazy\" title=\"UNSJ HIMNO NACIONAL ARGENTINO DEFENDAMOS LA UNIVERSIDAD PUBLICA Y GRATUITA\" width=\"800\" height=\"450\" src=\"https:\/\/www.youtube.com\/embed\/YmJuUZUpkj0?feature=oembed\" frameborder=\"0\" allow=\"accelerometer; autoplay; clipboard-write; encrypted-media; gyroscope; picture-in-picture; web-share\" referrerpolicy=\"strict-origin-when-cross-origin\" allowfullscreen><\/iframe><\/p>\n<p>&nbsp;<\/p>\n","protected":false},"excerpt":{"rendered":"<p>ADICUS San Juan convoca el Mi\u00e9rcoles, 15 de Abril, a las 19 horas al Paro con visibilizaci\u00f3n con el Abrazo<\/p>\n","protected":false},"author":3,"featured_media":71233,"comment_status":"closed","ping_status":"closed","sticky":false,"template":"","format":"standard","meta":{"_acf_changed":false,"_seopress_robots_primary_cat":"none","_seopress_titles_title":"","_seopress_titles_desc":"","_seopress_robots_index":"","colormag_page_container_layout":"default_layout","colormag_page_sidebar_layout":"default_layout","footnotes":""},"categories":[1,7],"tags":[],"class_list":["post-98828","post","type-post","status-publish","format-standard","has-post-thumbnail","hentry","category-destacadas","category-videos"],"acf":[],"_links":{"self":[{"href":"https:\/\/vocesparalelas.com.ar\/sitio\/wp-json\/wp\/v2\/posts\/98828","targetHints":{"allow":["GET"]}}],"collection":[{"href":"https:\/\/vocesparalelas.com.ar\/sitio\/wp-json\/wp\/v2\/posts"}],"about":[{"href":"https:\/\/vocesparalelas.com.ar\/sitio\/wp-json\/wp\/v2\/types\/post"}],"author":[{"embeddable":true,"href":"https:\/\/vocesparalelas.com.ar\/sitio\/wp-json\/wp\/v2\/users\/3"}],"replies":[{"embeddable":true,"href":"https:\/\/vocesparalelas.com.ar\/sitio\/wp-json\/wp\/v2\/comments?post=98828"}],"version-history":[{"count":2,"href":"https:\/\/vocesparalelas.com.ar\/sitio\/wp-json\/wp\/v2\/posts\/98828\/revisions"}],"predecessor-version":[{"id":98832,"href":"https:\/\/vocesparalelas.com.ar\/sitio\/wp-json\/wp\/v2\/posts\/98828\/revisions\/98832"}],"wp:featuredmedia":[{"embeddable":true,"href":"https:\/\/vocesparalelas.com.ar\/sitio\/wp-json\/wp\/v2\/media\/71233"}],"wp:attachment":[{"href":"https:\/\/vocesparalelas.com.ar\/sitio\/wp-json\/wp\/v2\/media?parent=98828"}],"wp:term":[{"taxonomy":"category","embeddable":true,"href":"https:\/\/vocesparalelas.com.ar\/sitio\/wp-json\/wp\/v2\/categories?post=98828"},{"taxonomy":"post_tag","embeddable":true,"href":"https:\/\/vocesparalelas.com.ar\/sitio\/wp-json\/wp\/v2\/tags?post=98828"}],"curies":[{"name":"wp","href":"https:\/\/api.w.org\/{rel}","templated":true}]}}