{"id":98767,"date":"2026-04-14T23:15:21","date_gmt":"2026-04-15T02:15:21","guid":{"rendered":"https:\/\/vocesparalelas.com.ar\/sitio\/?p=98767"},"modified":"2026-04-15T22:02:31","modified_gmt":"2026-04-16T01:02:31","slug":"comenzo-el-ciclo-de-charlas-punto-impropio-en-el-ceci-san-juan","status":"publish","type":"post","link":"https:\/\/vocesparalelas.com.ar\/sitio\/comenzo-el-ciclo-de-charlas-punto-impropio-en-el-ceci-san-juan\/","title":{"rendered":"Comenz\u00f3 el Ciclo de Charlas \u00abPunto Impropio\u00bb en el CECI San Juan"},"content":{"rendered":"<p>El Viernes, 10 de Abril, en el espacio CECI del Ministerio de Producci\u00f3n, Trabajo e Innovaci\u00f3n del Gobierno de San Juan inici\u00f3 el primer encuentro del ciclo de charlas Punto Impropio IA: \u00bfDesempleo Estructural o Democratizaci\u00f3n del Trabajo? a cargo del Lic. Nicol\u00e1s Valentino, el invitado expuso una serie de puntos para reflexionar y propuso algunos interrogantes para generar interacci\u00f3n entre el importante n\u00famero de asistentes.<\/p>\n<p><iframe loading=\"lazy\" title=\"SAN JUAN CECI\" width=\"800\" height=\"450\" src=\"https:\/\/www.youtube.com\/embed\/bGuImEpa_KE?feature=oembed\" frameborder=\"0\" allow=\"accelerometer; autoplay; clipboard-write; encrypted-media; gyroscope; picture-in-picture; web-share\" referrerpolicy=\"strict-origin-when-cross-origin\" allowfullscreen><\/iframe><\/p>\n<p>En este contexto, Voces Paralelas desarroll\u00f3 una entrevista period\u00edstica al Director de Transferencia e Innovaci\u00f3n, Lic. Carlos Gallardo, quien explic\u00f3 la necesidad de aprender sobre la Inteligencia Artificial en la comunidad.<\/p>\n<p><iframe loading=\"lazy\" title=\"SAN JUAN CECI\" width=\"800\" height=\"450\" src=\"https:\/\/www.youtube.com\/embed\/lArWTVyhqs0?feature=oembed\" frameborder=\"0\" allow=\"accelerometer; autoplay; clipboard-write; encrypted-media; gyroscope; picture-in-picture; web-share\" referrerpolicy=\"strict-origin-when-cross-origin\" allowfullscreen><\/iframe><\/p>\n<p>&nbsp;<\/p>\n<p>El objetivo de Punto Impropio es fortalecer y consolidar el ecosistema provincial de la innovaci\u00f3n y el conocimiento mediante la generaci\u00f3n de un espacio sostenido de encuentro, reflexi\u00f3n y articulaci\u00f3n entre sus actores estrat\u00e9gicos.<\/p>\n<p>&nbsp;<\/p>\n<p><img loading=\"lazy\" decoding=\"async\" class=\"alignnone size-full wp-image-98771\" src=\"https:\/\/vocesparalelas.com.ar\/sitio\/wp-content\/uploads\/2026\/04\/CECI-01.jpg\" alt=\"\" width=\"800\" height=\"533\" srcset=\"https:\/\/vocesparalelas.com.ar\/sitio\/wp-content\/uploads\/2026\/04\/CECI-01.jpg 800w, https:\/\/vocesparalelas.com.ar\/sitio\/wp-content\/uploads\/2026\/04\/CECI-01-300x200.jpg 300w, https:\/\/vocesparalelas.com.ar\/sitio\/wp-content\/uploads\/2026\/04\/CECI-01-768x512.jpg 768w\" sizes=\"auto, (max-width: 800px) 100vw, 800px\" \/><\/p>\n<p>Frente a un contexto en el que la transformaci\u00f3n digital, la inteligencia artificial, la econom\u00eda del conocimiento y la innovaci\u00f3n productiva no son escenarios futuros, sino realidades actuales, es clave la exigencia de identificar nuevas formas de pensar, vincularse y producir. El desaf\u00edo no es solo adaptarse al cambio, sino pasar de espectadores del cambio a protagonistas del futuro.<\/p>\n<p>De esta forma, se dio inicio a este ciclo de charlas en formato conversatorio que contin\u00faa a lo largo del a\u00f1o. Las pr\u00f3ximas tem\u00e1ticas se comunican.<\/p>\n<p><img loading=\"lazy\" decoding=\"async\" class=\"alignnone size-full wp-image-82498\" src=\"https:\/\/vocesparalelas.com.ar\/sitio\/wp-content\/uploads\/2025\/02\/CECI-FRENTE-01.jpg\" alt=\"\" width=\"800\" height=\"493\" srcset=\"https:\/\/vocesparalelas.com.ar\/sitio\/wp-content\/uploads\/2025\/02\/CECI-FRENTE-01.jpg 800w, https:\/\/vocesparalelas.com.ar\/sitio\/wp-content\/uploads\/2025\/02\/CECI-FRENTE-01-300x185.jpg 300w, https:\/\/vocesparalelas.com.ar\/sitio\/wp-content\/uploads\/2025\/02\/CECI-FRENTE-01-768x473.jpg 768w\" sizes=\"auto, (max-width: 800px) 100vw, 800px\" \/><\/p>\n","protected":false},"excerpt":{"rendered":"<p>El Viernes, 10 de Abril, en el espacio CECI del Ministerio de Producci\u00f3n, Trabajo e Innovaci\u00f3n del Gobierno de San<\/p>\n","protected":false},"author":3,"featured_media":98770,"comment_status":"closed","ping_status":"closed","sticky":false,"template":"","format":"standard","meta":{"_acf_changed":false,"_seopress_robots_primary_cat":"none","_seopress_titles_title":"","_seopress_titles_desc":"","_seopress_robots_index":"","colormag_page_container_layout":"default_layout","colormag_page_sidebar_layout":"default_layout","footnotes":""},"categories":[9,7],"tags":[],"class_list":["post-98767","post","type-post","status-publish","format-standard","has-post-thumbnail","hentry","category-cursos","category-videos"],"acf":[],"_links":{"self":[{"href":"https:\/\/vocesparalelas.com.ar\/sitio\/wp-json\/wp\/v2\/posts\/98767","targetHints":{"allow":["GET"]}}],"collection":[{"href":"https:\/\/vocesparalelas.com.ar\/sitio\/wp-json\/wp\/v2\/posts"}],"about":[{"href":"https:\/\/vocesparalelas.com.ar\/sitio\/wp-json\/wp\/v2\/types\/post"}],"author":[{"embeddable":true,"href":"https:\/\/vocesparalelas.com.ar\/sitio\/wp-json\/wp\/v2\/users\/3"}],"replies":[{"embeddable":true,"href":"https:\/\/vocesparalelas.com.ar\/sitio\/wp-json\/wp\/v2\/comments?post=98767"}],"version-history":[{"count":1,"href":"https:\/\/vocesparalelas.com.ar\/sitio\/wp-json\/wp\/v2\/posts\/98767\/revisions"}],"predecessor-version":[{"id":98772,"href":"https:\/\/vocesparalelas.com.ar\/sitio\/wp-json\/wp\/v2\/posts\/98767\/revisions\/98772"}],"wp:featuredmedia":[{"embeddable":true,"href":"https:\/\/vocesparalelas.com.ar\/sitio\/wp-json\/wp\/v2\/media\/98770"}],"wp:attachment":[{"href":"https:\/\/vocesparalelas.com.ar\/sitio\/wp-json\/wp\/v2\/media?parent=98767"}],"wp:term":[{"taxonomy":"category","embeddable":true,"href":"https:\/\/vocesparalelas.com.ar\/sitio\/wp-json\/wp\/v2\/categories?post=98767"},{"taxonomy":"post_tag","embeddable":true,"href":"https:\/\/vocesparalelas.com.ar\/sitio\/wp-json\/wp\/v2\/tags?post=98767"}],"curies":[{"name":"wp","href":"https:\/\/api.w.org\/{rel}","templated":true}]}}