{"id":98760,"date":"2026-04-14T22:42:07","date_gmt":"2026-04-15T01:42:07","guid":{"rendered":"https:\/\/vocesparalelas.com.ar\/sitio\/?p=98760"},"modified":"2026-04-15T09:16:40","modified_gmt":"2026-04-15T12:16:40","slug":"nuevo-director-del-hospital-hospital-dr-jose-giordano-dr-guillermo-ariel-leonardo","status":"publish","type":"post","link":"https:\/\/vocesparalelas.com.ar\/sitio\/nuevo-director-del-hospital-hospital-dr-jose-giordano-dr-guillermo-ariel-leonardo\/","title":{"rendered":"Nuevo Director del Hospital Hospital Dr. Jos\u00e9 Giordano, Dr. Guillermo Ariel Leonardo"},"content":{"rendered":"<p>En la sala de situaciones del Ministerio de Salud del\u00a0Gobierno de San Juan, asumi\u00f3 el Director del Hospital Dr. Jos\u00e9 Giordano, Departamento Albard\u00f3n, Dr. Guillermo Ariel Leonardo cuando recibi\u00f3 la resoluci\u00f3n de designaci\u00f3n del ministro de Salud, Dr. Amilcar Dobladez, quien estuvo acompa\u00f1ado por los secretarios y la jefa de la Zona Sanitaria III, Dra. Ivone Garc\u00eda.<\/p>\n<p>En este contexto, el ministro de Salud, Dr. Amilcar Dobladez manifest\u00f3 que \u00abla labor de la directora saliente fue de\u00a0 gran responsabilidad que implica ocupar el cargo de tan importante hospital departamental. El eje central de nuestra labor es el paciente, no debemos olvidar que nuestro objetivo debe ser \u00e9l siempre\u201d.<\/p>\n<p>\u00abEl Dr. Guillermo Leonardo es m\u00e9dico cl\u00ednico y diabet\u00f3logo con experiencia desde 2002. En su trayectoria se ha desempe\u00f1ado como m\u00e9dico en varios hospitales, adem\u00e1s de ser el \u00fanico diabet\u00f3logo de PAMI durante 15 a\u00f1os y director de una cl\u00ednica de di\u00e1lisis. Actualmente, trabajaba como referente de la guardia en el Hospital San Roque de J\u00e1chal\u00bb &#8211; explic\u00f3 el ministro de Salud, Dr. Amilcar Dobladez.<\/p>\n<p>En la oportunidad, Dr. Guillermo Leonardo expres\u00f3 que \u00abagradezco por la confianza depositada por parte de las autoridades ministeriales. El objetivo es lograr un equipo de confianza con ganas de trabajar para solucionar los problemas de la poblaci\u00f3n\u00bb.<\/p>\n<p>El acto cont\u00f3 con la presencia del secretario T\u00e9cnico, Dr. Alejandro Navarta; el secretario de Planeamiento, Dr. Gaston Jofr\u00e9; el secretario Administrativo, CPN Sebasti\u00e1n Godoy; la secretaria de Medicina Preventiva, Dra. Sonia S\u00e1nchez; adem\u00e1s de familiares del flamante director Leonardo.<\/p>\n<p><img loading=\"lazy\" decoding=\"async\" class=\"alignnone size-large wp-image-98763\" src=\"https:\/\/vocesparalelas.com.ar\/sitio\/wp-content\/uploads\/2026\/04\/Hospital-Dr.-Jose-Giordano.jpg\" alt=\"\" width=\"800\" height=\"431\" srcset=\"https:\/\/vocesparalelas.com.ar\/sitio\/wp-content\/uploads\/2026\/04\/Hospital-Dr.-Jose-Giordano.jpg 800w, https:\/\/vocesparalelas.com.ar\/sitio\/wp-content\/uploads\/2026\/04\/Hospital-Dr.-Jose-Giordano-300x162.jpg 300w, https:\/\/vocesparalelas.com.ar\/sitio\/wp-content\/uploads\/2026\/04\/Hospital-Dr.-Jose-Giordano-768x414.jpg 768w\" sizes=\"auto, (max-width: 800px) 100vw, 800px\" \/><\/p>\n<p>&nbsp;<\/p>\n","protected":false},"excerpt":{"rendered":"<p>En la sala de situaciones del Ministerio de Salud del\u00a0Gobierno de San Juan, asumi\u00f3 el Director del Hospital Dr. Jos\u00e9<\/p>\n","protected":false},"author":3,"featured_media":98764,"comment_status":"closed","ping_status":"closed","sticky":false,"template":"","format":"standard","meta":{"_acf_changed":false,"_seopress_robots_primary_cat":"none","_seopress_titles_title":"","_seopress_titles_desc":"","_seopress_robots_index":"","colormag_page_container_layout":"default_layout","colormag_page_sidebar_layout":"default_layout","footnotes":""},"categories":[1],"tags":[],"class_list":["post-98760","post","type-post","status-publish","format-standard","has-post-thumbnail","hentry","category-destacadas"],"acf":[],"_links":{"self":[{"href":"https:\/\/vocesparalelas.com.ar\/sitio\/wp-json\/wp\/v2\/posts\/98760","targetHints":{"allow":["GET"]}}],"collection":[{"href":"https:\/\/vocesparalelas.com.ar\/sitio\/wp-json\/wp\/v2\/posts"}],"about":[{"href":"https:\/\/vocesparalelas.com.ar\/sitio\/wp-json\/wp\/v2\/types\/post"}],"author":[{"embeddable":true,"href":"https:\/\/vocesparalelas.com.ar\/sitio\/wp-json\/wp\/v2\/users\/3"}],"replies":[{"embeddable":true,"href":"https:\/\/vocesparalelas.com.ar\/sitio\/wp-json\/wp\/v2\/comments?post=98760"}],"version-history":[{"count":3,"href":"https:\/\/vocesparalelas.com.ar\/sitio\/wp-json\/wp\/v2\/posts\/98760\/revisions"}],"predecessor-version":[{"id":98790,"href":"https:\/\/vocesparalelas.com.ar\/sitio\/wp-json\/wp\/v2\/posts\/98760\/revisions\/98790"}],"wp:featuredmedia":[{"embeddable":true,"href":"https:\/\/vocesparalelas.com.ar\/sitio\/wp-json\/wp\/v2\/media\/98764"}],"wp:attachment":[{"href":"https:\/\/vocesparalelas.com.ar\/sitio\/wp-json\/wp\/v2\/media?parent=98760"}],"wp:term":[{"taxonomy":"category","embeddable":true,"href":"https:\/\/vocesparalelas.com.ar\/sitio\/wp-json\/wp\/v2\/categories?post=98760"},{"taxonomy":"post_tag","embeddable":true,"href":"https:\/\/vocesparalelas.com.ar\/sitio\/wp-json\/wp\/v2\/tags?post=98760"}],"curies":[{"name":"wp","href":"https:\/\/api.w.org\/{rel}","templated":true}]}}