{"id":98691,"date":"2026-04-13T15:49:28","date_gmt":"2026-04-13T18:49:28","guid":{"rendered":"https:\/\/vocesparalelas.com.ar\/sitio\/?p=98691"},"modified":"2026-04-15T00:34:55","modified_gmt":"2026-04-15T03:34:55","slug":"voces-en-ciencia-y-tecnologia-crear-conciencia-en-san-juan","status":"publish","type":"post","link":"https:\/\/vocesparalelas.com.ar\/sitio\/voces-en-ciencia-y-tecnologia-crear-conciencia-en-san-juan\/","title":{"rendered":"Voces en Ciencia y Tecnolog\u00eda \u201cCrear ConCiencia\u201d en San Juan"},"content":{"rendered":"<p>El S\u00e1bado, 11 de Abril, de 17 a 22 hs,\u00a0 en el Centro Cultural Conte Grand se desarroll\u00f3 el 3\u00b0 Festival de Ciencia y Tecnolog\u00eda \u201cCrear ConCiencia\u201d, una iniciativa impulsada por investigadores del CONICET y de la Universidad Nacional de San Juan y cont\u00f3 con el aval de la Secretar\u00eda de Ciencia Tecnolog\u00eda e Innovaci\u00f3n del del Ministerio de Producci\u00f3n, Trabajo e Innovaci\u00f3n del Gobierno de San Juan.<\/p>\n<p>Con el objetivo de promover la divulgaci\u00f3n cient\u00edfica y fortalecer el v\u00ednculo entre la comunidad cient\u00edfica y la sociedad, \u201cCrear ConCiencia\u201d convoc\u00f3 a participar con entrada libre y gratuita y que obtuvo una ran convocatoria de p\u00fablico que reuni\u00f3 a la familia.<\/p>\n<p>Las ediciones 2024 y 2025 reunieron a m\u00e1s de 150 expositores, quienes compartieron sus trabajos con m\u00e1s de 10.000 sanjuaninos mediante stands interactivos, talleres, charlas y espacios de di\u00e1logo directo con el p\u00fablico.<\/p>\n<p>El festival propuso un espacio de encuentro en el que investigadores, instituciones educativas y organizaciones vinculadas a la ciencia y la tecnolog\u00eda presentaron sus experiencias, proyectos y actividades interactivas destinadas a acercar el conocimiento cient\u00edfico al p\u00fablico y a estimular el inter\u00e9s por la ciencia, la innovaci\u00f3n y el desarrollo tecnol\u00f3gico en la provincia de San Juan.<\/p>\n<p><img loading=\"lazy\" decoding=\"async\" class=\"alignnone size-full wp-image-98704\" src=\"https:\/\/vocesparalelas.com.ar\/sitio\/wp-content\/uploads\/2026\/04\/UNSJ-CIENCIA-01.jpg\" alt=\"\" width=\"800\" height=\"600\" srcset=\"https:\/\/vocesparalelas.com.ar\/sitio\/wp-content\/uploads\/2026\/04\/UNSJ-CIENCIA-01.jpg 800w, https:\/\/vocesparalelas.com.ar\/sitio\/wp-content\/uploads\/2026\/04\/UNSJ-CIENCIA-01-300x225.jpg 300w, https:\/\/vocesparalelas.com.ar\/sitio\/wp-content\/uploads\/2026\/04\/UNSJ-CIENCIA-01-768x576.jpg 768w\" sizes=\"auto, (max-width: 800px) 100vw, 800px\" \/><\/p>\n<p>En este contexto, Voces Paralelas desarroll\u00f3 una entrevista period\u00edstica al Ministro de Producci\u00f3n, Trabajo e Innovaci\u00f3n del Gobierno de San Juan, CPN Gustavo Fern\u00e1ndez explic\u00f3 lo que significa \u201cCrear ConCiencia\u201d para la comunidad de San Juan y lo que programa para los ni\u00f1os cient\u00edficos.<\/p>\n<p><iframe loading=\"lazy\" title=\"SAN JUAN MINISTRO PRODUCI\u00d3N CPN GUSTAVO FERN\u00c1NDEZ \" width=\"800\" height=\"450\" src=\"https:\/\/www.youtube.com\/embed\/ZjFGgfwBmas?feature=oembed\" frameborder=\"0\" allow=\"accelerometer; autoplay; clipboard-write; encrypted-media; gyroscope; picture-in-picture; web-share\" referrerpolicy=\"strict-origin-when-cross-origin\" allowfullscreen><\/iframe><\/p>\n<p>&nbsp;<\/p>\n<p><img loading=\"lazy\" decoding=\"async\" class=\"alignnone size-full wp-image-98700\" src=\"https:\/\/vocesparalelas.com.ar\/sitio\/wp-content\/uploads\/2026\/04\/UNSJ-EDITORIAL.jpg\" alt=\"\" width=\"800\" height=\"533\" srcset=\"https:\/\/vocesparalelas.com.ar\/sitio\/wp-content\/uploads\/2026\/04\/UNSJ-EDITORIAL.jpg 800w, https:\/\/vocesparalelas.com.ar\/sitio\/wp-content\/uploads\/2026\/04\/UNSJ-EDITORIAL-300x200.jpg 300w, https:\/\/vocesparalelas.com.ar\/sitio\/wp-content\/uploads\/2026\/04\/UNSJ-EDITORIAL-768x512.jpg 768w\" sizes=\"auto, (max-width: 800px) 100vw, 800px\" \/><\/p>\n<p>Seguidamente, a la Vicerrectora de la UNSJ, Prof. Andrea Leceta, quien describi\u00f3 el camino que desarrolla el cient\u00edfico y la transferencia de conocimiento para la sociedad pensando en el bien com\u00fan.<\/p>\n<p><iframe loading=\"lazy\" title=\"UNSJ VICERRECTORA PROF. ANDREA LECETA\" width=\"800\" height=\"450\" src=\"https:\/\/www.youtube.com\/embed\/iCXE-cqEn1U?feature=oembed\" frameborder=\"0\" allow=\"accelerometer; autoplay; clipboard-write; encrypted-media; gyroscope; picture-in-picture; web-share\" referrerpolicy=\"strict-origin-when-cross-origin\" allowfullscreen><\/iframe><\/p>\n<p><img loading=\"lazy\" decoding=\"async\" class=\"alignnone size-full wp-image-98699\" src=\"https:\/\/vocesparalelas.com.ar\/sitio\/wp-content\/uploads\/2026\/04\/FAUD-UNSJ-CONICET-02.jpg\" alt=\"\" width=\"800\" height=\"533\" srcset=\"https:\/\/vocesparalelas.com.ar\/sitio\/wp-content\/uploads\/2026\/04\/FAUD-UNSJ-CONICET-02.jpg 800w, https:\/\/vocesparalelas.com.ar\/sitio\/wp-content\/uploads\/2026\/04\/FAUD-UNSJ-CONICET-02-300x200.jpg 300w, https:\/\/vocesparalelas.com.ar\/sitio\/wp-content\/uploads\/2026\/04\/FAUD-UNSJ-CONICET-02-768x512.jpg 768w\" sizes=\"auto, (max-width: 800px) 100vw, 800px\" \/><\/p>\n<p>&nbsp;<\/p>\n<p>Finalmente, al Decano de la FAUD de la UNSJ, Arq. Carlos Herrera, quien remarc\u00f3 la importancia de mostrar a San Juan lo que realizan los cient\u00edficos de los distintos Institutos de Investigaci\u00f3n de la UNSJ, que siempre est\u00e1n presentes para ayudar con sus proyectos.<\/p>\n<p><iframe loading=\"lazy\" title=\"FAUD UNSJ DECANO ARQ. CARLOS HERRERA \" width=\"800\" height=\"450\" src=\"https:\/\/www.youtube.com\/embed\/E8MPab0pwAI?feature=oembed\" frameborder=\"0\" allow=\"accelerometer; autoplay; clipboard-write; encrypted-media; gyroscope; picture-in-picture; web-share\" referrerpolicy=\"strict-origin-when-cross-origin\" allowfullscreen><\/iframe><\/p>\n<p>&nbsp;<\/p>\n<p><img loading=\"lazy\" decoding=\"async\" class=\"alignnone size-full wp-image-98698\" src=\"https:\/\/vocesparalelas.com.ar\/sitio\/wp-content\/uploads\/2026\/04\/FAUD-UNSJ-CONICET-01.jpg\" alt=\"\" width=\"800\" height=\"533\" srcset=\"https:\/\/vocesparalelas.com.ar\/sitio\/wp-content\/uploads\/2026\/04\/FAUD-UNSJ-CONICET-01.jpg 800w, https:\/\/vocesparalelas.com.ar\/sitio\/wp-content\/uploads\/2026\/04\/FAUD-UNSJ-CONICET-01-300x200.jpg 300w, https:\/\/vocesparalelas.com.ar\/sitio\/wp-content\/uploads\/2026\/04\/FAUD-UNSJ-CONICET-01-768x512.jpg 768w\" sizes=\"auto, (max-width: 800px) 100vw, 800px\" \/><\/p>\n<p><img loading=\"lazy\" decoding=\"async\" class=\"alignnone size-full wp-image-98697\" src=\"https:\/\/vocesparalelas.com.ar\/sitio\/wp-content\/uploads\/2026\/04\/FAUD-UNSJ-CONICET.jpg\" alt=\"\" width=\"800\" height=\"533\" srcset=\"https:\/\/vocesparalelas.com.ar\/sitio\/wp-content\/uploads\/2026\/04\/FAUD-UNSJ-CONICET.jpg 800w, https:\/\/vocesparalelas.com.ar\/sitio\/wp-content\/uploads\/2026\/04\/FAUD-UNSJ-CONICET-300x200.jpg 300w, https:\/\/vocesparalelas.com.ar\/sitio\/wp-content\/uploads\/2026\/04\/FAUD-UNSJ-CONICET-768x512.jpg 768w\" sizes=\"auto, (max-width: 800px) 100vw, 800px\" \/><\/p>\n<p>&nbsp;<\/p>\n<p><iframe loading=\"lazy\" title=\"SAN JUAN CON-CIENCIA EN LA CIENCIA\" width=\"800\" height=\"450\" src=\"https:\/\/www.youtube.com\/embed\/NEgNYLnZEz4?feature=oembed\" frameborder=\"0\" allow=\"accelerometer; autoplay; clipboard-write; encrypted-media; gyroscope; picture-in-picture; web-share\" referrerpolicy=\"strict-origin-when-cross-origin\" allowfullscreen><\/iframe><\/p>\n<p>&nbsp;<\/p>\n<p><img loading=\"lazy\" decoding=\"async\" class=\"alignnone size-full wp-image-98706\" src=\"https:\/\/vocesparalelas.com.ar\/sitio\/wp-content\/uploads\/2026\/04\/UNSJ-CIENCIA-02.jpg\" alt=\"\" width=\"800\" height=\"533\" srcset=\"https:\/\/vocesparalelas.com.ar\/sitio\/wp-content\/uploads\/2026\/04\/UNSJ-CIENCIA-02.jpg 800w, https:\/\/vocesparalelas.com.ar\/sitio\/wp-content\/uploads\/2026\/04\/UNSJ-CIENCIA-02-300x200.jpg 300w, https:\/\/vocesparalelas.com.ar\/sitio\/wp-content\/uploads\/2026\/04\/UNSJ-CIENCIA-02-768x512.jpg 768w\" sizes=\"auto, (max-width: 800px) 100vw, 800px\" \/><\/p>\n","protected":false},"excerpt":{"rendered":"<p>El S\u00e1bado, 11 de Abril, de 17 a 22 hs,\u00a0 en el Centro Cultural Conte Grand se desarroll\u00f3 el 3\u00b0<\/p>\n","protected":false},"author":3,"featured_media":98703,"comment_status":"closed","ping_status":"closed","sticky":false,"template":"","format":"standard","meta":{"_acf_changed":false,"_seopress_robots_primary_cat":"none","_seopress_titles_title":"","_seopress_titles_desc":"","_seopress_robots_index":"","colormag_page_container_layout":"default_layout","colormag_page_sidebar_layout":"default_layout","footnotes":""},"categories":[15,7],"tags":[],"class_list":["post-98691","post","type-post","status-publish","format-standard","has-post-thumbnail","hentry","category-posgrados","category-videos"],"acf":[],"_links":{"self":[{"href":"https:\/\/vocesparalelas.com.ar\/sitio\/wp-json\/wp\/v2\/posts\/98691","targetHints":{"allow":["GET"]}}],"collection":[{"href":"https:\/\/vocesparalelas.com.ar\/sitio\/wp-json\/wp\/v2\/posts"}],"about":[{"href":"https:\/\/vocesparalelas.com.ar\/sitio\/wp-json\/wp\/v2\/types\/post"}],"author":[{"embeddable":true,"href":"https:\/\/vocesparalelas.com.ar\/sitio\/wp-json\/wp\/v2\/users\/3"}],"replies":[{"embeddable":true,"href":"https:\/\/vocesparalelas.com.ar\/sitio\/wp-json\/wp\/v2\/comments?post=98691"}],"version-history":[{"count":4,"href":"https:\/\/vocesparalelas.com.ar\/sitio\/wp-json\/wp\/v2\/posts\/98691\/revisions"}],"predecessor-version":[{"id":98712,"href":"https:\/\/vocesparalelas.com.ar\/sitio\/wp-json\/wp\/v2\/posts\/98691\/revisions\/98712"}],"wp:featuredmedia":[{"embeddable":true,"href":"https:\/\/vocesparalelas.com.ar\/sitio\/wp-json\/wp\/v2\/media\/98703"}],"wp:attachment":[{"href":"https:\/\/vocesparalelas.com.ar\/sitio\/wp-json\/wp\/v2\/media?parent=98691"}],"wp:term":[{"taxonomy":"category","embeddable":true,"href":"https:\/\/vocesparalelas.com.ar\/sitio\/wp-json\/wp\/v2\/categories?post=98691"},{"taxonomy":"post_tag","embeddable":true,"href":"https:\/\/vocesparalelas.com.ar\/sitio\/wp-json\/wp\/v2\/tags?post=98691"}],"curies":[{"name":"wp","href":"https:\/\/api.w.org\/{rel}","templated":true}]}}