{"id":98667,"date":"2026-04-12T10:32:23","date_gmt":"2026-04-12T13:32:23","guid":{"rendered":"https:\/\/vocesparalelas.com.ar\/sitio\/?p=98667"},"modified":"2026-04-14T00:44:41","modified_gmt":"2026-04-14T03:44:41","slug":"capacitacion-a-choferes-en-san-juan-como-actuar-ante-situaciones-de-epilepsia","status":"publish","type":"post","link":"https:\/\/vocesparalelas.com.ar\/sitio\/capacitacion-a-choferes-en-san-juan-como-actuar-ante-situaciones-de-epilepsia\/","title":{"rendered":"Capacitaci\u00f3n a choferes en San Juan \u00bfC\u00f3mo actuar ante situaciones de epilepsia?"},"content":{"rendered":"<p>En el marco de las pol\u00edticas de prevenci\u00f3n y formaci\u00f3n en seguridad vial, el Ministerio de Gobierno de San Juan, a trav\u00e9s de la Secretar\u00eda de Tr\u00e1nsito y Transporte, en conjunto con la Liga Argentina contra la Epilepsia &#8211; LACE -, invita a participar de una capacitaci\u00f3n destinada a choferes y actores del sistema de transporte sobre c\u00f3mo actuar ante situaciones de epilepsia durante la conducci\u00f3n.<\/p>\n<p>El Jueves, 16 de Abril, a las 14 hs..; en la Sala Auditorio del Museo Provincial de Bellas Artes Franklin Rawson. se desarrolla la capacitaci\u00f3n \u201c\u00bfC\u00f3mo actuar a bordo ante un caso de epilepsia?\u201d.<\/p>\n<p>Los interesados en participar pueden hacerlo completando el siguiente formulario<\/p>\n<p><a href=\"https:\/\/docs.google.com\/forms\/d\/e\/1FAIpQLSdoGY9dNqEv9GSN2_RxNNYTn2jic7fY_A7w9Ux3znlxTgsFZA\/viewform\">https:\/\/docs.google.com\/forms\/d\/e\/1FAIpQLSdoGY9dNqEv9GSN2_RxNNYTn2jic7fY_A7w9Ux3znlxTgsFZA\/viewform<\/a><\/p>\n<p>La propuesta busca concientizar y formar a choferes de transporte p\u00fablico y a la comunidad en general sobre la epilepsia, una enfermedad neurol\u00f3gica cr\u00f3nica que afecta aproximadamente al 1% de la poblaci\u00f3n mundial. Esta condici\u00f3n puede provocar crisis que comprometen la conciencia, el control de los movimientos o la visi\u00f3n, generando riesgos en la conducci\u00f3n vehicular y potenciales situaciones de emergencia.<\/p>\n<p>En este contexto, la capacitaci\u00f3n abordar\u00e1 la relaci\u00f3n entre epilepsia y conducci\u00f3n, teniendo en cuenta el marco normativo vigente, como la Ley Nacional de Tr\u00e1nsito N\u00b0 24.449 y su adhesi\u00f3n en la provincia de San Juan mediante la Ley 528-R. Asimismo, se pondr\u00e1 \u00e9nfasis en la importancia de la evaluaci\u00f3n m\u00e9dica para el otorgamiento de licencias de conducir y en la prevenci\u00f3n de accidentes.<\/p>\n<p>Entre los principales objetivos de la jornada se destacan la actualizaci\u00f3n de criterios m\u00e9dicos para la obtenci\u00f3n de licencias en personas con epilepsia, la promoci\u00f3n del control m\u00e9dico y la denuncia espont\u00e1nea de la enfermedad, as\u00ed como la reducci\u00f3n de riesgos para conductores, pasajeros y terceros. Adem\u00e1s, se busca capacitar en primeros auxilios espec\u00edficos para actuar ante una crisis epil\u00e9ptica, contribuyendo a disminuir el estigma y mejorar la respuesta comunitaria.<\/p>\n<p>La actividad cuenta con la disertaci\u00f3n del Dr. Marcos Semprino, prosecretario de LACE; la Dra. Natacha Bazan, neuropediatra y la Dra. Yesica Arbo ,neur\u00f3loga, ambas profesionales de la provincia de San Juan.<\/p>\n<p>La convocatoria est\u00e1 dirigida a autoridades y personal de la Secretar\u00eda de Tr\u00e1nsito y Transporte, de la Direcci\u00f3n de Coordinaci\u00f3n de Red Tulum, representantes de sindicatos de choferes de camiones, \u00f3mnibus y taxis, conductores de transporte p\u00fablico y al p\u00fablico en general interesado en la tem\u00e1tica.<\/p>\n<p>Esta iniciativa se enmarca en acciones que buscan fortalecer la seguridad vial, promover la inclusi\u00f3n y mejorar la calidad de vida de las personas con epilepsia mediante la capacitaci\u00f3n y la educaci\u00f3n.<\/p>\n<p><img loading=\"lazy\" decoding=\"async\" class=\"alignnone size-full wp-image-48167\" src=\"https:\/\/vocesparalelas.com.ar\/sitio\/wp-content\/uploads\/2022\/04\/REDTULUM-REANUDA-01.jpg\" alt=\"\" width=\"800\" height=\"600\" srcset=\"https:\/\/vocesparalelas.com.ar\/sitio\/wp-content\/uploads\/2022\/04\/REDTULUM-REANUDA-01.jpg 800w, https:\/\/vocesparalelas.com.ar\/sitio\/wp-content\/uploads\/2022\/04\/REDTULUM-REANUDA-01-300x225.jpg 300w, https:\/\/vocesparalelas.com.ar\/sitio\/wp-content\/uploads\/2022\/04\/REDTULUM-REANUDA-01-768x576.jpg 768w\" sizes=\"auto, (max-width: 800px) 100vw, 800px\" \/><\/p>\n<p>&nbsp;<\/p>\n","protected":false},"excerpt":{"rendered":"<p>En el marco de las pol\u00edticas de prevenci\u00f3n y formaci\u00f3n en seguridad vial, el Ministerio de Gobierno de San Juan,<\/p>\n","protected":false},"author":3,"featured_media":24712,"comment_status":"closed","ping_status":"closed","sticky":false,"template":"","format":"standard","meta":{"_acf_changed":false,"_seopress_robots_primary_cat":"none","_seopress_titles_title":"","_seopress_titles_desc":"","_seopress_robots_index":"","colormag_page_container_layout":"default_layout","colormag_page_sidebar_layout":"default_layout","footnotes":""},"categories":[9],"tags":[],"class_list":["post-98667","post","type-post","status-publish","format-standard","has-post-thumbnail","hentry","category-cursos"],"acf":[],"_links":{"self":[{"href":"https:\/\/vocesparalelas.com.ar\/sitio\/wp-json\/wp\/v2\/posts\/98667","targetHints":{"allow":["GET"]}}],"collection":[{"href":"https:\/\/vocesparalelas.com.ar\/sitio\/wp-json\/wp\/v2\/posts"}],"about":[{"href":"https:\/\/vocesparalelas.com.ar\/sitio\/wp-json\/wp\/v2\/types\/post"}],"author":[{"embeddable":true,"href":"https:\/\/vocesparalelas.com.ar\/sitio\/wp-json\/wp\/v2\/users\/3"}],"replies":[{"embeddable":true,"href":"https:\/\/vocesparalelas.com.ar\/sitio\/wp-json\/wp\/v2\/comments?post=98667"}],"version-history":[{"count":1,"href":"https:\/\/vocesparalelas.com.ar\/sitio\/wp-json\/wp\/v2\/posts\/98667\/revisions"}],"predecessor-version":[{"id":98674,"href":"https:\/\/vocesparalelas.com.ar\/sitio\/wp-json\/wp\/v2\/posts\/98667\/revisions\/98674"}],"wp:featuredmedia":[{"embeddable":true,"href":"https:\/\/vocesparalelas.com.ar\/sitio\/wp-json\/wp\/v2\/media\/24712"}],"wp:attachment":[{"href":"https:\/\/vocesparalelas.com.ar\/sitio\/wp-json\/wp\/v2\/media?parent=98667"}],"wp:term":[{"taxonomy":"category","embeddable":true,"href":"https:\/\/vocesparalelas.com.ar\/sitio\/wp-json\/wp\/v2\/categories?post=98667"},{"taxonomy":"post_tag","embeddable":true,"href":"https:\/\/vocesparalelas.com.ar\/sitio\/wp-json\/wp\/v2\/tags?post=98667"}],"curies":[{"name":"wp","href":"https:\/\/api.w.org\/{rel}","templated":true}]}}