{"id":98663,"date":"2026-04-11T11:06:29","date_gmt":"2026-04-11T14:06:29","guid":{"rendered":"https:\/\/vocesparalelas.com.ar\/sitio\/?p=98663"},"modified":"2026-04-13T21:07:01","modified_gmt":"2026-04-14T00:07:01","slug":"las-dudas-que-fortalecen-la-fe","status":"publish","type":"post","link":"https:\/\/vocesparalelas.com.ar\/sitio\/las-dudas-que-fortalecen-la-fe\/","title":{"rendered":"Las dudas que fortalecen la fe"},"content":{"rendered":"<p>Por el Arzobispo de San Juan de Cuyo, Monse\u00f1or Jorge Lozano<\/p>\n<p>A veces me he encontrado con gente que piensa que dudar es contrario a la fe. \u00bfSer\u00e1 as\u00ed? Mejor es no hacer juicios prematuros y afirmaciones tan generales. Hubo muchos santos que tuvieron sus \u201cnoches oscuras\u201d, a quienes no les result\u00f3 apacible el camino de la fe. Hoy el Evangelio (Juan 20, 19-31) nos propone acercarnos a la experiencia del Ap\u00f3stol Santo Tom\u00e1s y su progreso en el Encuentro con el Resucitado. El Evangelio nos lleva al mismo d\u00eda de la Resurrecci\u00f3n por la tarde: el Domingo.<\/p>\n<p>Imaginemos a los disc\u00edpulos encerrados, temerosos, desorientados. En ese espacio, Jes\u00fas se aparece y su primera palabra es \u201c\u00a1La Paz est\u00e9 con ustedes!\u201d. El fruto de la Pascua es la PAZ, porque nos hace hermanos. Ese DON de la PAZ lo pedimos con fuerza unidos al Papa Le\u00f3n XIV. Jes\u00fas \u201cles mostr\u00f3 sus manos y su costado\u201d para que no lo confundan con un fantasma, y porque el Resucitado es el Crucificado.<\/p>\n<p>Durante la \u00daltima Cena les hab\u00eda dicho: \u201cComo el Padre me am\u00f3, tambi\u00e9n yo los he amado\u201d (Juan 15, 9) Ahora \u201cComo el Padre me envi\u00f3 a m\u00ed, yo tambi\u00e9n los env\u00edo a ustedes\u201d Hay correlaci\u00f3n entre el amor y el env\u00edo. \u201cSopl\u00f3 sobre ellos\u201d, d\u00e1ndoles nuevo aliento de vida. \u201cReciban el Esp\u00edritu Santo\u201d. El env\u00edo y la misi\u00f3n son dados a la Comunidad reunida. San Juan une tambi\u00e9n la efusi\u00f3n del Esp\u00edritu para la misi\u00f3n.<\/p>\n<p>\u00a1Qu\u00e9 tierno momento de consuelo y aliento! No hay lugar para el reproche o la queja; no los juzga, sino que los anima y env\u00eda. As\u00ed, Jes\u00fas se hace presente en nuestra comunidad, incluso cuando hay miedo o incertidumbre.<\/p>\n<p>El Evangelio destaca la ausencia de Tom\u00e1s y su dificultad para confiar en el testimonio de los disc\u00edpulos. Le podemos aplicar la expresi\u00f3n \u201cbrill\u00f3 por su ausencia\u201d.<\/p>\n<p>\u201cOcho d\u00edas m\u00e1s tarde\u201d, de nuevo el Domingo y la comunidad reunida. Ahora s\u00ed est\u00e1 Tom\u00e1s. Su pretensi\u00f3n no es inocente. Quiere ver los vestigios de las heridas del Crucificado. Podemos recordar uno de los pasajes le\u00eddos en la Semana Santa \u201cpor sus heridas fuimos sanados\u201d (Isa\u00edas 53,5).<\/p>\n<p>Jes\u00fas accede a su deseo: \u201caqu\u00ed est\u00e1n mis heridas\u2026\u201d. El desaf\u00edo es encontrar al Resucitado en sus llagas abiertas, en los crucificados de hoy, en quienes tienen la vida rota. Una espiritualidad sin la \u201ccarne sufriente\u201d del Se\u00f1or nos aisla del mundo y la humanidad, nos encierra en un termo.<\/p>\n<p>Todos vamos acumulando heridas del camino. Es inevitable. Las propias torpezas, las de los dem\u00e1s\u2026 Las propias fragilidades y las de los dem\u00e1s\u2026<\/p>\n<p>Prop\u00f3sitos no alcanzados (y demandados). Traiciones en el amor. Incomprensiones en el trabajo o la familia\u2026<\/p>\n<p>Relatos de las guerras\u2026 Nos conmueve el sufrimiento de los inocentes.<\/p>\n<p>Jes\u00fas es el Buen Pastor Resucitado que quiere sanarnos. Nos llama a cuidar las heridas con ternura porque all\u00ed est\u00e1 \u00c9l; cuidar las llagas personales, y las ajenas como propias. Nos motiva a no pasar de largo ante m\u00ed ni ante otros, tomando el ejemplo del Buen Samaritano (Lucas 10, 25-37).<\/p>\n<p>Una hermosa canci\u00f3n expresa que \u201cal final de la vida llegaremos con la herida convertida en cicatriz\u201d.<\/p>\n<p>Debemos cuidarnos de miradas triunfalistas que niegan la realidad de la cruz. Tom\u00e1s representa nuestra capacidad de dudar, de necesitar pruebas, de buscar respuestas. Jes\u00fas no lo rechaza, sino que lo invita a tocar, a experimentar. De la duda nace una fe renovada, una confesi\u00f3n profunda. Tom\u00e1s pasa de la incertidumbre al encuentro personal. San Gregorio Magno dijo que \u201clas dudas de Tom\u00e1s nos ayudan m\u00e1s a nuestra fe que la fe de los otros ap\u00f3stoles\u201d.<\/p>\n<p>\u00bfQu\u00e9 dudas o preguntas tengo sobre mi fe, mi vocaci\u00f3n, mi futuro? \u00bfMe atrevo a acercarme a Jes\u00fas con honestidad, como Tom\u00e1s? \u00bfQu\u00e9 sucede cuando lo reconozco? \u00bfPuedo encontrar en la \u201ccarne sufriente\u201d de quienes tienen la vida rota el llamado de Jes\u00fas a sanarlo?<\/p>\n<p>&nbsp;<\/p>\n<p><iframe loading=\"lazy\" title=\"SAN JUAN MONSE\u00d1OR JORGE LOZANO \" width=\"800\" height=\"450\" src=\"https:\/\/www.youtube.com\/embed\/Ya8xZc1FIIE?feature=oembed\" frameborder=\"0\" allow=\"accelerometer; autoplay; clipboard-write; encrypted-media; gyroscope; picture-in-picture; web-share\" referrerpolicy=\"strict-origin-when-cross-origin\" allowfullscreen><\/iframe><\/p>\n<p>&nbsp;<\/p>\n<p><img loading=\"lazy\" decoding=\"async\" class=\"alignnone size-full wp-image-61416\" src=\"https:\/\/vocesparalelas.com.ar\/sitio\/wp-content\/uploads\/2023\/07\/ARZOBISPADO-EDIFICIO.jpg\" alt=\"\" width=\"800\" height=\"600\" srcset=\"https:\/\/vocesparalelas.com.ar\/sitio\/wp-content\/uploads\/2023\/07\/ARZOBISPADO-EDIFICIO.jpg 800w, https:\/\/vocesparalelas.com.ar\/sitio\/wp-content\/uploads\/2023\/07\/ARZOBISPADO-EDIFICIO-300x225.jpg 300w, https:\/\/vocesparalelas.com.ar\/sitio\/wp-content\/uploads\/2023\/07\/ARZOBISPADO-EDIFICIO-768x576.jpg 768w\" sizes=\"auto, (max-width: 800px) 100vw, 800px\" \/><\/p>\n","protected":false},"excerpt":{"rendered":"<p>Por el Arzobispo de San Juan de Cuyo, Monse\u00f1or Jorge Lozano A veces me he encontrado con gente que piensa<\/p>\n","protected":false},"author":3,"featured_media":81112,"comment_status":"closed","ping_status":"closed","sticky":false,"template":"","format":"standard","meta":{"_acf_changed":false,"_seopress_robots_primary_cat":"none","_seopress_titles_title":"","_seopress_titles_desc":"","_seopress_robots_index":"","colormag_page_container_layout":"default_layout","colormag_page_sidebar_layout":"default_layout","footnotes":""},"categories":[10,7],"tags":[],"class_list":["post-98663","post","type-post","status-publish","format-standard","has-post-thumbnail","hentry","category-opiniones","category-videos"],"acf":[],"_links":{"self":[{"href":"https:\/\/vocesparalelas.com.ar\/sitio\/wp-json\/wp\/v2\/posts\/98663","targetHints":{"allow":["GET"]}}],"collection":[{"href":"https:\/\/vocesparalelas.com.ar\/sitio\/wp-json\/wp\/v2\/posts"}],"about":[{"href":"https:\/\/vocesparalelas.com.ar\/sitio\/wp-json\/wp\/v2\/types\/post"}],"author":[{"embeddable":true,"href":"https:\/\/vocesparalelas.com.ar\/sitio\/wp-json\/wp\/v2\/users\/3"}],"replies":[{"embeddable":true,"href":"https:\/\/vocesparalelas.com.ar\/sitio\/wp-json\/wp\/v2\/comments?post=98663"}],"version-history":[{"count":1,"href":"https:\/\/vocesparalelas.com.ar\/sitio\/wp-json\/wp\/v2\/posts\/98663\/revisions"}],"predecessor-version":[{"id":98666,"href":"https:\/\/vocesparalelas.com.ar\/sitio\/wp-json\/wp\/v2\/posts\/98663\/revisions\/98666"}],"wp:featuredmedia":[{"embeddable":true,"href":"https:\/\/vocesparalelas.com.ar\/sitio\/wp-json\/wp\/v2\/media\/81112"}],"wp:attachment":[{"href":"https:\/\/vocesparalelas.com.ar\/sitio\/wp-json\/wp\/v2\/media?parent=98663"}],"wp:term":[{"taxonomy":"category","embeddable":true,"href":"https:\/\/vocesparalelas.com.ar\/sitio\/wp-json\/wp\/v2\/categories?post=98663"},{"taxonomy":"post_tag","embeddable":true,"href":"https:\/\/vocesparalelas.com.ar\/sitio\/wp-json\/wp\/v2\/tags?post=98663"}],"curies":[{"name":"wp","href":"https:\/\/api.w.org\/{rel}","templated":true}]}}