{"id":98657,"date":"2026-04-10T23:16:35","date_gmt":"2026-04-11T02:16:35","guid":{"rendered":"https:\/\/vocesparalelas.com.ar\/sitio\/?p=98657"},"modified":"2026-04-10T23:17:20","modified_gmt":"2026-04-11T02:17:20","slug":"caminemos-juntos-por-la-paz-en-el-mundo-desde-san-juan","status":"publish","type":"post","link":"https:\/\/vocesparalelas.com.ar\/sitio\/caminemos-juntos-por-la-paz-en-el-mundo-desde-san-juan\/","title":{"rendered":"Caminemos juntos por la Paz en el Mundo desde San Juan"},"content":{"rendered":"<p>El S\u00e1bado, 11 de Abril, a las 18 hs. punto de encuentro en la Plaza 25 de Mayo para iniciar \u00abCaminemos juntos por la Paz en el Mundo desde San Juan.<\/p>\n<p>Se recorre la Av. Ignacio de la Roza hasta llegar a la Plaza Seca del Centro C\u00edvico. Sumate, tra\u00e9 tu luz, tu esperanza y tu deseo de un mundo mejor.<\/p>\n<p>Adem\u00e1s, est\u00e1n recibiendo donaciones para C\u00e1ritas San Juan: az\u00facar, leche y cacao.<\/p>\n<p>Tambi\u00e9n, se invita llevar una bandera blanca como signo de paz porq<img loading=\"lazy\" decoding=\"async\" class=\"alignnone size-large wp-image-1815\" src=\"https:\/\/vocesparalelas.com.ar\/sitio\/wp-content\/uploads\/2017\/06\/SAN-JUAN-CIUDAD-01-7-800x531.jpg\" alt=\"\" width=\"800\" height=\"531\" srcset=\"https:\/\/vocesparalelas.com.ar\/sitio\/wp-content\/uploads\/2017\/06\/SAN-JUAN-CIUDAD-01-7.jpg 800w, https:\/\/vocesparalelas.com.ar\/sitio\/wp-content\/uploads\/2017\/06\/SAN-JUAN-CIUDAD-01-7-300x199.jpg 300w, https:\/\/vocesparalelas.com.ar\/sitio\/wp-content\/uploads\/2017\/06\/SAN-JUAN-CIUDAD-01-7-768x510.jpg 768w\" sizes=\"auto, (max-width: 800px) 100vw, 800px\" \/>ue la paz se construye entre todos.<\/p>\n","protected":false},"excerpt":{"rendered":"<p>El S\u00e1bado, 11 de Abril, a las 18 hs. punto de encuentro en la Plaza 25 de Mayo para iniciar<\/p>\n","protected":false},"author":3,"featured_media":98660,"comment_status":"closed","ping_status":"closed","sticky":false,"template":"","format":"standard","meta":{"_acf_changed":false,"_seopress_robots_primary_cat":"none","_seopress_titles_title":"","_seopress_titles_desc":"","_seopress_robots_index":"","colormag_page_container_layout":"default_layout","colormag_page_sidebar_layout":"default_layout","footnotes":""},"categories":[1],"tags":[],"class_list":["post-98657","post","type-post","status-publish","format-standard","has-post-thumbnail","hentry","category-destacadas"],"acf":[],"_links":{"self":[{"href":"https:\/\/vocesparalelas.com.ar\/sitio\/wp-json\/wp\/v2\/posts\/98657","targetHints":{"allow":["GET"]}}],"collection":[{"href":"https:\/\/vocesparalelas.com.ar\/sitio\/wp-json\/wp\/v2\/posts"}],"about":[{"href":"https:\/\/vocesparalelas.com.ar\/sitio\/wp-json\/wp\/v2\/types\/post"}],"author":[{"embeddable":true,"href":"https:\/\/vocesparalelas.com.ar\/sitio\/wp-json\/wp\/v2\/users\/3"}],"replies":[{"embeddable":true,"href":"https:\/\/vocesparalelas.com.ar\/sitio\/wp-json\/wp\/v2\/comments?post=98657"}],"version-history":[{"count":2,"href":"https:\/\/vocesparalelas.com.ar\/sitio\/wp-json\/wp\/v2\/posts\/98657\/revisions"}],"predecessor-version":[{"id":98662,"href":"https:\/\/vocesparalelas.com.ar\/sitio\/wp-json\/wp\/v2\/posts\/98657\/revisions\/98662"}],"wp:featuredmedia":[{"embeddable":true,"href":"https:\/\/vocesparalelas.com.ar\/sitio\/wp-json\/wp\/v2\/media\/98660"}],"wp:attachment":[{"href":"https:\/\/vocesparalelas.com.ar\/sitio\/wp-json\/wp\/v2\/media?parent=98657"}],"wp:term":[{"taxonomy":"category","embeddable":true,"href":"https:\/\/vocesparalelas.com.ar\/sitio\/wp-json\/wp\/v2\/categories?post=98657"},{"taxonomy":"post_tag","embeddable":true,"href":"https:\/\/vocesparalelas.com.ar\/sitio\/wp-json\/wp\/v2\/tags?post=98657"}],"curies":[{"name":"wp","href":"https:\/\/api.w.org\/{rel}","templated":true}]}}