{"id":98643,"date":"2026-04-10T14:29:19","date_gmt":"2026-04-10T17:29:19","guid":{"rendered":"https:\/\/vocesparalelas.com.ar\/sitio\/?p=98643"},"modified":"2026-04-15T22:18:41","modified_gmt":"2026-04-16T01:18:41","slug":"tecnicatura-superior-en-gestion-de-la-produccion-agropecuaria-y-agroindustrial-en-los-departamentos-de-ullum-y-zonda-de-san-juan","status":"publish","type":"post","link":"https:\/\/vocesparalelas.com.ar\/sitio\/tecnicatura-superior-en-gestion-de-la-produccion-agropecuaria-y-agroindustrial-en-los-departamentos-de-ullum-y-zonda-de-san-juan\/","title":{"rendered":"Tecnicatura Superior en Gesti\u00f3n de la Producci\u00f3n Agropecuaria y Agroindustrial en los Departamentos de Ullum y Zonda de San Juan"},"content":{"rendered":"<div class=\"itemImageBlock\">\n<div class=\"clr\">El Ministerio de Educaci\u00f3n del Gobierno de San Juan\u00a0autoriz\u00f3 el funcionamiento de la Tecnicatura Superior en Gesti\u00f3n de la Producci\u00f3n Agropecuaria y Agroindustrial del Instituto Superior T\u00e9cnico de Ullum bajo una modalidad de dictado compartido entre los departamentos Ullum y Zonda, con el objetivo de mejorar el acceso a la formaci\u00f3n t\u00e9cnica y optimizar el uso de la infraestructura educativa.<\/div>\n<\/div>\n<div class=\"itemFullText\">\n<p>La medida, establecida mediante resoluci\u00f3n ministerial, dispone que la carrera mantenga su sede de origen en el edificio de la escuela Elvira de la Riestra de Lainez (Ullum) y sume como nueva sede al de la escuela Agrot\u00e9cnica de Zonda, donde se desarrolla parte del cursado.<\/p>\n<p>En este esquema, el primer a\u00f1o se dicta en el Departamento Zonda, mientras que el segundo y tercer a\u00f1o se cursan en el Departamento Ullum, con la posibilidad de alternar cohortes seg\u00fan la demanda de estudiantes.<\/p>\n<p>Esta decisi\u00f3n responde a la necesidad de reforzar el entorno formativo, facilitando el acceso de los estudiantes a espacios adecuados para la pr\u00e1ctica y garantizando mejores condiciones para el desarrollo de actividades vinculadas al perfil agropecuario y agroindustrial de la carrera.<\/p>\n<p>Asimismo, la resoluci\u00f3n contempla la reorganizaci\u00f3n del personal docente, asegurando la continuidad laboral y el normal funcionamiento acad\u00e9mico en ambas sedes, en el marco de acuerdos institucionales que permiten el uso compartido de edificios y recursos.<\/p>\n<p>La ministra de Educaci\u00f3n, Lic, Silvia Fuentes, destac\u00f3 que \u00abel impacto de la medida es una decisi\u00f3n apunta a acercar la educaci\u00f3n t\u00e9cnica a m\u00e1s estudiantes, aprovechando mejor nuestros recursos y garantizando que los alumnos puedan formarse en contextos vinculados a la producci\u00f3n. Estamos convencidos de que este es el camino para acompa\u00f1ar el crecimiento de la provincia con m\u00e1s y mejor educaci\u00f3n\u201d.<\/p>\n<p>El nuevo esquema de dictado se apoya en acuerdos previos entre las instituciones involucradas y en informes t\u00e9cnicos que avalan la viabilidad de la propuesta.<\/p>\n<p><span style=\"color: #ff6600;\"><strong>Se suma una cohorte en el Departamento Ullum<\/strong><\/span><\/p>\n<p>El Ministerio de Educaci\u00f3n autoriz\u00f3 tambi\u00e9n una segunda cohorte para la Tecnicatura Superior en Administraci\u00f3n de Empresas del Instituto Superior T\u00e9cnico de Ullum.<\/p>\n<p>La resoluci\u00f3n se fundament\u00f3 en la demanda social sostenida y el creciente n\u00famero de solicitudes de estudiantes interesados en poder inscribirse en esta \u00e1rea de estudio.<\/p>\n<\/div>\n<p><img loading=\"lazy\" decoding=\"async\" class=\"alignnone size-full wp-image-28629\" src=\"https:\/\/vocesparalelas.com.ar\/sitio\/wp-content\/uploads\/2020\/05\/MINISTERIO-EDUCACION-SJ.jpg\" alt=\"\" width=\"800\" height=\"533\" srcset=\"https:\/\/vocesparalelas.com.ar\/sitio\/wp-content\/uploads\/2020\/05\/MINISTERIO-EDUCACION-SJ.jpg 800w, https:\/\/vocesparalelas.com.ar\/sitio\/wp-content\/uploads\/2020\/05\/MINISTERIO-EDUCACION-SJ-300x200.jpg 300w, https:\/\/vocesparalelas.com.ar\/sitio\/wp-content\/uploads\/2020\/05\/MINISTERIO-EDUCACION-SJ-768x512.jpg 768w\" sizes=\"auto, (max-width: 800px) 100vw, 800px\" \/><\/p>\n","protected":false},"excerpt":{"rendered":"<p>El Ministerio de Educaci\u00f3n del Gobierno de San Juan\u00a0autoriz\u00f3 el funcionamiento de la Tecnicatura Superior en Gesti\u00f3n de la Producci\u00f3n<\/p>\n","protected":false},"author":3,"featured_media":67886,"comment_status":"closed","ping_status":"closed","sticky":false,"template":"","format":"standard","meta":{"_acf_changed":false,"_seopress_robots_primary_cat":"none","_seopress_titles_title":"","_seopress_titles_desc":"","_seopress_robots_index":"","colormag_page_container_layout":"default_layout","colormag_page_sidebar_layout":"default_layout","footnotes":""},"categories":[9],"tags":[],"class_list":["post-98643","post","type-post","status-publish","format-standard","has-post-thumbnail","hentry","category-cursos"],"acf":[],"_links":{"self":[{"href":"https:\/\/vocesparalelas.com.ar\/sitio\/wp-json\/wp\/v2\/posts\/98643","targetHints":{"allow":["GET"]}}],"collection":[{"href":"https:\/\/vocesparalelas.com.ar\/sitio\/wp-json\/wp\/v2\/posts"}],"about":[{"href":"https:\/\/vocesparalelas.com.ar\/sitio\/wp-json\/wp\/v2\/types\/post"}],"author":[{"embeddable":true,"href":"https:\/\/vocesparalelas.com.ar\/sitio\/wp-json\/wp\/v2\/users\/3"}],"replies":[{"embeddable":true,"href":"https:\/\/vocesparalelas.com.ar\/sitio\/wp-json\/wp\/v2\/comments?post=98643"}],"version-history":[{"count":1,"href":"https:\/\/vocesparalelas.com.ar\/sitio\/wp-json\/wp\/v2\/posts\/98643\/revisions"}],"predecessor-version":[{"id":98646,"href":"https:\/\/vocesparalelas.com.ar\/sitio\/wp-json\/wp\/v2\/posts\/98643\/revisions\/98646"}],"wp:featuredmedia":[{"embeddable":true,"href":"https:\/\/vocesparalelas.com.ar\/sitio\/wp-json\/wp\/v2\/media\/67886"}],"wp:attachment":[{"href":"https:\/\/vocesparalelas.com.ar\/sitio\/wp-json\/wp\/v2\/media?parent=98643"}],"wp:term":[{"taxonomy":"category","embeddable":true,"href":"https:\/\/vocesparalelas.com.ar\/sitio\/wp-json\/wp\/v2\/categories?post=98643"},{"taxonomy":"post_tag","embeddable":true,"href":"https:\/\/vocesparalelas.com.ar\/sitio\/wp-json\/wp\/v2\/tags?post=98643"}],"curies":[{"name":"wp","href":"https:\/\/api.w.org\/{rel}","templated":true}]}}