{"id":98626,"date":"2026-04-10T12:45:47","date_gmt":"2026-04-10T15:45:47","guid":{"rendered":"https:\/\/vocesparalelas.com.ar\/sitio\/?p=98626"},"modified":"2026-04-11T14:35:12","modified_gmt":"2026-04-11T17:35:12","slug":"el-gobernador-de-san-juan-dr-marcelo-orrego-celebro-la-aprobacion-de-la-modificacion-de-la-ley-de-glaciares-en-argentina","status":"publish","type":"post","link":"https:\/\/vocesparalelas.com.ar\/sitio\/el-gobernador-de-san-juan-dr-marcelo-orrego-celebro-la-aprobacion-de-la-modificacion-de-la-ley-de-glaciares-en-argentina\/","title":{"rendered":"El gobernador de San Juan, Dr. Marcelo Orrego celebr\u00f3 la aprobaci\u00f3n de la modificaci\u00f3n de la Ley de Glaciares en Argentina"},"content":{"rendered":"<p>Tras meses de trabajo y defensa junto a su equipo, el gobernador de San Juan, Dr. Marcelo Orrego celebr\u00f3 la aprobaci\u00f3n de la modificaci\u00f3n de la Ley de Glaciares.<\/p>\n<p>En este contexto, el gobernador de San Juan, Dr. Marcelo Orrego Celebro la aprobaci\u00f3n de la modificaci\u00f3n de la Ley de Glaciares en Diputados de la Naci\u00f3n Argentina.<\/p>\n<p>Damos un paso importante hacia reglas m\u00e1s claras, con base cient\u00edfica, que cuidan el agua y garantizan la protecci\u00f3n de nuestros glaciares, permitiendo el desarrollo productivo de la provincia. \ufffc<\/p>\n<p>Argentina y San Juan, como protagonista de esta segunda gran era minera, necesitan previsibilidad para crecer, generar trabajo y decidir sobre sus recursos, y eso es lo que hemos logrado.<\/p>\n<p>Seguimos avanzando con responsabilidad: cuidando lo nuestro y construyendo el San Juan que viene<\/p>\n<p>&nbsp;<\/p>\n<p><img loading=\"lazy\" decoding=\"async\" class=\"alignnone size-full wp-image-65642\" src=\"https:\/\/vocesparalelas.com.ar\/sitio\/wp-content\/uploads\/2023\/11\/GOBIERNO-SAN-JUAN.jpg\" alt=\"\" width=\"800\" height=\"600\" srcset=\"https:\/\/vocesparalelas.com.ar\/sitio\/wp-content\/uploads\/2023\/11\/GOBIERNO-SAN-JUAN.jpg 800w, https:\/\/vocesparalelas.com.ar\/sitio\/wp-content\/uploads\/2023\/11\/GOBIERNO-SAN-JUAN-300x225.jpg 300w, https:\/\/vocesparalelas.com.ar\/sitio\/wp-content\/uploads\/2023\/11\/GOBIERNO-SAN-JUAN-768x576.jpg 768w\" sizes=\"auto, (max-width: 800px) 100vw, 800px\" \/><\/p>\n","protected":false},"excerpt":{"rendered":"<p>Tras meses de trabajo y defensa junto a su equipo, el gobernador de San Juan, Dr. Marcelo Orrego celebr\u00f3 la<\/p>\n","protected":false},"author":3,"featured_media":80214,"comment_status":"closed","ping_status":"closed","sticky":false,"template":"","format":"standard","meta":{"_acf_changed":false,"_seopress_robots_primary_cat":"none","_seopress_titles_title":"","_seopress_titles_desc":"","_seopress_robots_index":"","colormag_page_container_layout":"default_layout","colormag_page_sidebar_layout":"default_layout","footnotes":""},"categories":[10],"tags":[],"class_list":["post-98626","post","type-post","status-publish","format-standard","has-post-thumbnail","hentry","category-opiniones"],"acf":[],"_links":{"self":[{"href":"https:\/\/vocesparalelas.com.ar\/sitio\/wp-json\/wp\/v2\/posts\/98626","targetHints":{"allow":["GET"]}}],"collection":[{"href":"https:\/\/vocesparalelas.com.ar\/sitio\/wp-json\/wp\/v2\/posts"}],"about":[{"href":"https:\/\/vocesparalelas.com.ar\/sitio\/wp-json\/wp\/v2\/types\/post"}],"author":[{"embeddable":true,"href":"https:\/\/vocesparalelas.com.ar\/sitio\/wp-json\/wp\/v2\/users\/3"}],"replies":[{"embeddable":true,"href":"https:\/\/vocesparalelas.com.ar\/sitio\/wp-json\/wp\/v2\/comments?post=98626"}],"version-history":[{"count":1,"href":"https:\/\/vocesparalelas.com.ar\/sitio\/wp-json\/wp\/v2\/posts\/98626\/revisions"}],"predecessor-version":[{"id":98629,"href":"https:\/\/vocesparalelas.com.ar\/sitio\/wp-json\/wp\/v2\/posts\/98626\/revisions\/98629"}],"wp:featuredmedia":[{"embeddable":true,"href":"https:\/\/vocesparalelas.com.ar\/sitio\/wp-json\/wp\/v2\/media\/80214"}],"wp:attachment":[{"href":"https:\/\/vocesparalelas.com.ar\/sitio\/wp-json\/wp\/v2\/media?parent=98626"}],"wp:term":[{"taxonomy":"category","embeddable":true,"href":"https:\/\/vocesparalelas.com.ar\/sitio\/wp-json\/wp\/v2\/categories?post=98626"},{"taxonomy":"post_tag","embeddable":true,"href":"https:\/\/vocesparalelas.com.ar\/sitio\/wp-json\/wp\/v2\/tags?post=98626"}],"curies":[{"name":"wp","href":"https:\/\/api.w.org\/{rel}","templated":true}]}}