{"id":98620,"date":"2026-04-10T12:21:50","date_gmt":"2026-04-10T15:21:50","guid":{"rendered":"https:\/\/vocesparalelas.com.ar\/sitio\/?p=98620"},"modified":"2026-04-10T12:27:23","modified_gmt":"2026-04-10T15:27:23","slug":"otra-movilidad-que-se-incorpora-al-parque-automotor-de-rivadavia-de-san-juan","status":"publish","type":"post","link":"https:\/\/vocesparalelas.com.ar\/sitio\/otra-movilidad-que-se-incorpora-al-parque-automotor-de-rivadavia-de-san-juan\/","title":{"rendered":"Otra movilidad que se incorpora al parque automotor de Rivadavia de San Juan"},"content":{"rendered":"<p>La Municipalidad de la Ciudad de Rivadavia present\u00f3 la nueva movilidad que se incorpora al parque automotor, alcanzando as\u00ed un total de 26 movilidades propias desde el inicio de la actual gesti\u00f3n.<\/p>\n<p>Se trata de un minib\u00fas con capacidad para 19 pasajeros m\u00e1s el conductor, que tendr\u00e1 un uso vers\u00e1til y estar\u00e1 destinado a cubrir distintas necesidades de la comunidad. Esta nueva unidad no contar\u00e1 con un destino fijo, sino que podr\u00e1 ser utilizada por diferentes \u00e1reas municipales seg\u00fan la demanda: traslados de ni\u00f1os, adultos mayores, personas con discapacidad, instituciones y actividades sociales, deportivas o culturales.<\/p>\n<p>En la precia al Acto el Intendente de la Municipalidad de la Ciudad de Rivadavia, Sergio Miodowsky impuls\u00f3 desde el inicio de su gesti\u00f3n una pol\u00edtica de ordenamiento y austeridad, basada en la reducci\u00f3n de cargos pol\u00edticos y la optimizaci\u00f3n de la estructura municipal que\u00a0responde a una planificaci\u00f3n sostenida, orientada a mejorar los servicios y optimizar los recursos p\u00fablicos.<\/p>\n<p><iframe loading=\"lazy\" title=\"RIVADAVIA INTENDENTE SERGIO MIODOWSKY \" width=\"800\" height=\"450\" src=\"https:\/\/www.youtube.com\/embed\/URvkFg4HoeA?feature=oembed\" frameborder=\"0\" allow=\"accelerometer; autoplay; clipboard-write; encrypted-media; gyroscope; picture-in-picture; web-share\" referrerpolicy=\"strict-origin-when-cross-origin\" allowfullscreen><\/iframe><\/p>\n<p>Este esquema permiti\u00f3 generar ahorros que hoy se traducen en inversiones concretas para la comunidad, como la adquisici\u00f3n de nuevas movilidades destinadas a fortalecer distintas \u00e1reas, incluyendo servicios municipales y el acompa\u00f1amiento a la Polic\u00eda Comunal.<\/p>\n<p>La nueva unidad presentada representa un paso m\u00e1s en el compromiso de la gesti\u00f3n con la eficiencia, la cercan\u00eda y la mejora continua de los servicios para todos los vecinos de Rivadavia.<\/p>\n<p>Durante el acto se enton\u00f3 el himno Nacional Argentino que permiti\u00f3 destacar los sentires de agradecimiento de unidad para lograr el bien com\u00fan.<\/p>\n<p><iframe loading=\"lazy\" title=\"RIVADAVIA HIMNO NACIONAL ARGENTINO \" width=\"800\" height=\"450\" src=\"https:\/\/www.youtube.com\/embed\/UeEq7GfBfXo?feature=oembed\" frameborder=\"0\" allow=\"accelerometer; autoplay; clipboard-write; encrypted-media; gyroscope; picture-in-picture; web-share\" referrerpolicy=\"strict-origin-when-cross-origin\" allowfullscreen><\/iframe><\/p>\n<p>Despu\u00e9s de los discursos del Diputado por Rivadavia, Dr. Juan de la Cruz C\u00f3rdoba y del Intendente\u00a0 de la Municipalidad de la Ciudad de Rivadavia, Sergio Miodowsky, quienes partieron en la movilidad con gran orgullo.<\/p>\n<p><img loading=\"lazy\" decoding=\"async\" class=\"alignnone size-full wp-image-98624\" src=\"https:\/\/vocesparalelas.com.ar\/sitio\/wp-content\/uploads\/2026\/04\/RIVADAVIA-MOVILIDAD-02.jpg\" alt=\"\" width=\"800\" height=\"554\" srcset=\"https:\/\/vocesparalelas.com.ar\/sitio\/wp-content\/uploads\/2026\/04\/RIVADAVIA-MOVILIDAD-02.jpg 800w, https:\/\/vocesparalelas.com.ar\/sitio\/wp-content\/uploads\/2026\/04\/RIVADAVIA-MOVILIDAD-02-300x208.jpg 300w, https:\/\/vocesparalelas.com.ar\/sitio\/wp-content\/uploads\/2026\/04\/RIVADAVIA-MOVILIDAD-02-768x532.jpg 768w, https:\/\/vocesparalelas.com.ar\/sitio\/wp-content\/uploads\/2026\/04\/RIVADAVIA-MOVILIDAD-02-392x272.jpg 392w, https:\/\/vocesparalelas.com.ar\/sitio\/wp-content\/uploads\/2026\/04\/RIVADAVIA-MOVILIDAD-02-130x90.jpg 130w\" sizes=\"auto, (max-width: 800px) 100vw, 800px\" \/><\/p>\n<p>&nbsp;<\/p>\n<p><img loading=\"lazy\" decoding=\"async\" class=\"alignnone size-full wp-image-96825\" src=\"https:\/\/vocesparalelas.com.ar\/sitio\/wp-content\/uploads\/2026\/02\/RIVADAVIA-LOO-2026.jpg\" alt=\"\" width=\"800\" height=\"498\" srcset=\"https:\/\/vocesparalelas.com.ar\/sitio\/wp-content\/uploads\/2026\/02\/RIVADAVIA-LOO-2026.jpg 800w, https:\/\/vocesparalelas.com.ar\/sitio\/wp-content\/uploads\/2026\/02\/RIVADAVIA-LOO-2026-300x187.jpg 300w, https:\/\/vocesparalelas.com.ar\/sitio\/wp-content\/uploads\/2026\/02\/RIVADAVIA-LOO-2026-768x478.jpg 768w\" sizes=\"auto, (max-width: 800px) 100vw, 800px\" \/><\/p>\n","protected":false},"excerpt":{"rendered":"<p>La Municipalidad de la Ciudad de Rivadavia present\u00f3 la nueva movilidad que se incorpora al parque automotor, alcanzando as\u00ed un<\/p>\n","protected":false},"author":3,"featured_media":98623,"comment_status":"closed","ping_status":"closed","sticky":false,"template":"","format":"standard","meta":{"_acf_changed":false,"_seopress_robots_primary_cat":"none","_seopress_titles_title":"","_seopress_titles_desc":"","_seopress_robots_index":"","colormag_page_container_layout":"default_layout","colormag_page_sidebar_layout":"default_layout","footnotes":""},"categories":[1,7],"tags":[],"class_list":["post-98620","post","type-post","status-publish","format-standard","has-post-thumbnail","hentry","category-destacadas","category-videos"],"acf":[],"_links":{"self":[{"href":"https:\/\/vocesparalelas.com.ar\/sitio\/wp-json\/wp\/v2\/posts\/98620","targetHints":{"allow":["GET"]}}],"collection":[{"href":"https:\/\/vocesparalelas.com.ar\/sitio\/wp-json\/wp\/v2\/posts"}],"about":[{"href":"https:\/\/vocesparalelas.com.ar\/sitio\/wp-json\/wp\/v2\/types\/post"}],"author":[{"embeddable":true,"href":"https:\/\/vocesparalelas.com.ar\/sitio\/wp-json\/wp\/v2\/users\/3"}],"replies":[{"embeddable":true,"href":"https:\/\/vocesparalelas.com.ar\/sitio\/wp-json\/wp\/v2\/comments?post=98620"}],"version-history":[{"count":1,"href":"https:\/\/vocesparalelas.com.ar\/sitio\/wp-json\/wp\/v2\/posts\/98620\/revisions"}],"predecessor-version":[{"id":98625,"href":"https:\/\/vocesparalelas.com.ar\/sitio\/wp-json\/wp\/v2\/posts\/98620\/revisions\/98625"}],"wp:featuredmedia":[{"embeddable":true,"href":"https:\/\/vocesparalelas.com.ar\/sitio\/wp-json\/wp\/v2\/media\/98623"}],"wp:attachment":[{"href":"https:\/\/vocesparalelas.com.ar\/sitio\/wp-json\/wp\/v2\/media?parent=98620"}],"wp:term":[{"taxonomy":"category","embeddable":true,"href":"https:\/\/vocesparalelas.com.ar\/sitio\/wp-json\/wp\/v2\/categories?post=98620"},{"taxonomy":"post_tag","embeddable":true,"href":"https:\/\/vocesparalelas.com.ar\/sitio\/wp-json\/wp\/v2\/tags?post=98620"}],"curies":[{"name":"wp","href":"https:\/\/api.w.org\/{rel}","templated":true}]}}