{"id":98604,"date":"2026-04-09T22:04:14","date_gmt":"2026-04-10T01:04:14","guid":{"rendered":"https:\/\/vocesparalelas.com.ar\/sitio\/?p=98604"},"modified":"2026-04-10T14:36:43","modified_gmt":"2026-04-10T17:36:43","slug":"inscripciones-al-programa-de-asistencia-vouchers-educativos-2026-en-san-juan","status":"publish","type":"post","link":"https:\/\/vocesparalelas.com.ar\/sitio\/inscripciones-al-programa-de-asistencia-vouchers-educativos-2026-en-san-juan\/","title":{"rendered":"Inscripciones al Programa de Asistencia \u00abVouchers Educativos\u00bb 2026 en San Juan"},"content":{"rendered":"<p>El Ministerio de Educaci\u00f3n del Gobierno de San Juan comunica que el Ministerio de Capital Humano de la Naci\u00f3n ha dado inicio a la convocatoria 2026 para el Programa de Asistencia \u00abVouchers Educativos\u00bb. El per\u00edodo de inscripci\u00f3n permanece abierto desde la fecha hasta el 30 de Abril y se realiza de manera online, con registro previo en la plataforma Mi Argentina..<\/p>\n<p>Esta iniciativa busca acompa\u00f1ar a las familias en el sostenimiento de la escolaridad. En este sentido, se informa que los representantes legales de las instituciones educativas ya cuentan con la informaci\u00f3n t\u00e9cnica necesaria para asesorar y transmitir los detalles del proceso a sus respectivas comunidades.<\/p>\n<p>El programa est\u00e1 destinado a familias con hijos de hasta 18 a\u00f1os que asisten a instituciones educativas de gesti\u00f3n privada (Niveles Inicial, Primario y Secundario) que cuenten con, al menos, un 75% de aporte estatal.<\/p>\n<p><strong><span style=\"color: #ff6600;\">Los interesados pueden acceder a la inscripci\u00f3n desde\u00a0<\/span><\/strong><\/p>\n<p><a href=\"https:\/\/www.argentina.gob.ar\/vouchers-educativos\">https:\/\/www.argentina.gob.ar\/vouchers-educativos<\/a><\/p>\n<p>Para completar el formulario de manera efectiva, los solicitantes deben estar registrados en la plataforma Mi Argentina y contar con la siguiente informaci\u00f3n:<\/p>\n<ul>\n<li>Datos personales: n\u00famero de DNI y CUIL de los menores a cargo.<\/li>\n<li>Informaci\u00f3n institucional: nombre y direcci\u00f3n exacta de la escuela a la que asisten.<\/li>\n<li>Datos bancarios: contar con el CBU actualizado en la base de datos de Mi ANSES.<\/li>\n<\/ul>\n<p>Se recomienda a los padres y tutores consultar el reglamento vigente del Programa para conocer los alcances y condiciones de la asistencia:<\/p>\n<p><a href=\"https:\/\/www.argentina.gob.ar\/files\/reglamentovouchers2026pdf\">https:\/\/www.argentina.gob.ar\/files\/reglamentovouchers2026pdf<\/a><\/p>\n<p><span style=\"color: #ff6600;\"><strong>Para m\u00e1s informaci\u00f3n<\/strong><\/span><\/p>\n<p>Los interesados pueden acceder a<\/p>\n<p><a href=\"https:\/\/www.argentina.gob.ar\/vouchers-educativos\/preguntas-frecuentes\">https:\/\/www.argentina.gob.ar\/vouchers-educativos\/preguntas-frecuentes<\/a><\/p>\n<p>&nbsp;<\/p>\n<p><img loading=\"lazy\" decoding=\"async\" class=\"alignnone size-full wp-image-28629\" src=\"https:\/\/vocesparalelas.com.ar\/sitio\/wp-content\/uploads\/2020\/05\/MINISTERIO-EDUCACION-SJ.jpg\" alt=\"\" width=\"800\" height=\"533\" srcset=\"https:\/\/vocesparalelas.com.ar\/sitio\/wp-content\/uploads\/2020\/05\/MINISTERIO-EDUCACION-SJ.jpg 800w, https:\/\/vocesparalelas.com.ar\/sitio\/wp-content\/uploads\/2020\/05\/MINISTERIO-EDUCACION-SJ-300x200.jpg 300w, https:\/\/vocesparalelas.com.ar\/sitio\/wp-content\/uploads\/2020\/05\/MINISTERIO-EDUCACION-SJ-768x512.jpg 768w\" sizes=\"auto, (max-width: 800px) 100vw, 800px\" \/><\/p>\n","protected":false},"excerpt":{"rendered":"<p>El Ministerio de Educaci\u00f3n del Gobierno de San Juan comunica que el Ministerio de Capital Humano de la Naci\u00f3n ha<\/p>\n","protected":false},"author":3,"featured_media":37710,"comment_status":"closed","ping_status":"closed","sticky":false,"template":"","format":"standard","meta":{"_acf_changed":false,"_seopress_robots_primary_cat":"none","_seopress_titles_title":"","_seopress_titles_desc":"","_seopress_robots_index":"","colormag_page_container_layout":"default_layout","colormag_page_sidebar_layout":"default_layout","footnotes":""},"categories":[2],"tags":[],"class_list":["post-98604","post","type-post","status-publish","format-standard","has-post-thumbnail","hentry","category-convocatorias"],"acf":[],"_links":{"self":[{"href":"https:\/\/vocesparalelas.com.ar\/sitio\/wp-json\/wp\/v2\/posts\/98604","targetHints":{"allow":["GET"]}}],"collection":[{"href":"https:\/\/vocesparalelas.com.ar\/sitio\/wp-json\/wp\/v2\/posts"}],"about":[{"href":"https:\/\/vocesparalelas.com.ar\/sitio\/wp-json\/wp\/v2\/types\/post"}],"author":[{"embeddable":true,"href":"https:\/\/vocesparalelas.com.ar\/sitio\/wp-json\/wp\/v2\/users\/3"}],"replies":[{"embeddable":true,"href":"https:\/\/vocesparalelas.com.ar\/sitio\/wp-json\/wp\/v2\/comments?post=98604"}],"version-history":[{"count":1,"href":"https:\/\/vocesparalelas.com.ar\/sitio\/wp-json\/wp\/v2\/posts\/98604\/revisions"}],"predecessor-version":[{"id":98607,"href":"https:\/\/vocesparalelas.com.ar\/sitio\/wp-json\/wp\/v2\/posts\/98604\/revisions\/98607"}],"wp:featuredmedia":[{"embeddable":true,"href":"https:\/\/vocesparalelas.com.ar\/sitio\/wp-json\/wp\/v2\/media\/37710"}],"wp:attachment":[{"href":"https:\/\/vocesparalelas.com.ar\/sitio\/wp-json\/wp\/v2\/media?parent=98604"}],"wp:term":[{"taxonomy":"category","embeddable":true,"href":"https:\/\/vocesparalelas.com.ar\/sitio\/wp-json\/wp\/v2\/categories?post=98604"},{"taxonomy":"post_tag","embeddable":true,"href":"https:\/\/vocesparalelas.com.ar\/sitio\/wp-json\/wp\/v2\/tags?post=98604"}],"curies":[{"name":"wp","href":"https:\/\/api.w.org\/{rel}","templated":true}]}}