{"id":98595,"date":"2026-04-09T21:23:28","date_gmt":"2026-04-10T00:23:28","guid":{"rendered":"https:\/\/vocesparalelas.com.ar\/sitio\/?p=98595"},"modified":"2026-04-10T14:43:09","modified_gmt":"2026-04-10T17:43:09","slug":"docentes-de-san-juan-manifestaron-con-paro-y-movilizacion-la-disconformidad-del-aumento-salarial-del-gobierno-de-san-juan","status":"publish","type":"post","link":"https:\/\/vocesparalelas.com.ar\/sitio\/docentes-de-san-juan-manifestaron-con-paro-y-movilizacion-la-disconformidad-del-aumento-salarial-del-gobierno-de-san-juan\/","title":{"rendered":"Docentes de San Juan manifestaron con paro y movilizaci\u00f3n la disconformidad del aumento salarial del Gobierno de San Juan"},"content":{"rendered":"<p>En una jornada de gran convocatoria, miles de trabajadores de la educaci\u00f3n marchamos por un Sueldo Digno con la suma de columnas de Docentes de distintos departamento que se unieron en el Gran San Juan para expresar un rechazo contundente a la \u00faltima propuesta oficial.<\/p>\n<p>Esta movilizaci\u00f3n fue posible gracias a la medida cautelar de la CGT y a la gesti\u00f3n de UDA Naci\u00f3n, bajo la conducci\u00f3n de Sergio Romero. Estas acciones frenaron la \u00abesencialidad\u00bb que pretend\u00eda imponer un 75% de guardias m\u00ednimas, devolvi\u00e9ndonos el derecho constitucional a huelga .<\/p>\n<p>En el \u00e1mbito local, el malestar es total ante la imposici\u00f3n de sumas en negro y el achatamiento de la pir\u00e1mide salarial. Desde UDA seguimos solicitando una recuperaci\u00f3n equitativa: si el congelamiento afect\u00f3 a todos, la recomposici\u00f3n debe alcanzar a los 184 cargos del nomenclador y a las horas c\u00e1tedra. No aceptamos respuestas parciales.<\/p>\n<p>La jornada cerr\u00f3 en la Plaza 25 de Mayo con un solo grito: \u00a1Sueldo digno! La Comisi\u00f3n de la UDA Seccional San Juan agradece a cada docente y colega no docente que se hizo presente. Hoy qued\u00f3 demostrado que la unidad es nuestra mayor fortaleza; es la \u00fanica forma de defender nuestros derechos.<\/p>\n<p>UDA Seccional San Juan \u00abSi tocan a uno, nos tocan a todos\u00bb<\/p>\n<p>&nbsp;<\/p>\n<p><img loading=\"lazy\" decoding=\"async\" class=\"alignnone size-full wp-image-98599\" src=\"https:\/\/vocesparalelas.com.ar\/sitio\/wp-content\/uploads\/2026\/04\/SAN-JUAN-DOCENTES-04.jpg\" alt=\"\" width=\"800\" height=\"439\" srcset=\"https:\/\/vocesparalelas.com.ar\/sitio\/wp-content\/uploads\/2026\/04\/SAN-JUAN-DOCENTES-04.jpg 800w, https:\/\/vocesparalelas.com.ar\/sitio\/wp-content\/uploads\/2026\/04\/SAN-JUAN-DOCENTES-04-300x165.jpg 300w, https:\/\/vocesparalelas.com.ar\/sitio\/wp-content\/uploads\/2026\/04\/SAN-JUAN-DOCENTES-04-768x421.jpg 768w\" sizes=\"auto, (max-width: 800px) 100vw, 800px\" \/><\/p>\n","protected":false},"excerpt":{"rendered":"<p>En una jornada de gran convocatoria, miles de trabajadores de la educaci\u00f3n marchamos por un Sueldo Digno con la suma<\/p>\n","protected":false},"author":3,"featured_media":98598,"comment_status":"closed","ping_status":"closed","sticky":false,"template":"","format":"standard","meta":{"_acf_changed":false,"_seopress_robots_primary_cat":"none","_seopress_titles_title":"","_seopress_titles_desc":"","_seopress_robots_index":"","colormag_page_container_layout":"default_layout","colormag_page_sidebar_layout":"default_layout","footnotes":""},"categories":[10],"tags":[],"class_list":["post-98595","post","type-post","status-publish","format-standard","has-post-thumbnail","hentry","category-opiniones"],"acf":[],"_links":{"self":[{"href":"https:\/\/vocesparalelas.com.ar\/sitio\/wp-json\/wp\/v2\/posts\/98595","targetHints":{"allow":["GET"]}}],"collection":[{"href":"https:\/\/vocesparalelas.com.ar\/sitio\/wp-json\/wp\/v2\/posts"}],"about":[{"href":"https:\/\/vocesparalelas.com.ar\/sitio\/wp-json\/wp\/v2\/types\/post"}],"author":[{"embeddable":true,"href":"https:\/\/vocesparalelas.com.ar\/sitio\/wp-json\/wp\/v2\/users\/3"}],"replies":[{"embeddable":true,"href":"https:\/\/vocesparalelas.com.ar\/sitio\/wp-json\/wp\/v2\/comments?post=98595"}],"version-history":[{"count":1,"href":"https:\/\/vocesparalelas.com.ar\/sitio\/wp-json\/wp\/v2\/posts\/98595\/revisions"}],"predecessor-version":[{"id":98600,"href":"https:\/\/vocesparalelas.com.ar\/sitio\/wp-json\/wp\/v2\/posts\/98595\/revisions\/98600"}],"wp:featuredmedia":[{"embeddable":true,"href":"https:\/\/vocesparalelas.com.ar\/sitio\/wp-json\/wp\/v2\/media\/98598"}],"wp:attachment":[{"href":"https:\/\/vocesparalelas.com.ar\/sitio\/wp-json\/wp\/v2\/media?parent=98595"}],"wp:term":[{"taxonomy":"category","embeddable":true,"href":"https:\/\/vocesparalelas.com.ar\/sitio\/wp-json\/wp\/v2\/categories?post=98595"},{"taxonomy":"post_tag","embeddable":true,"href":"https:\/\/vocesparalelas.com.ar\/sitio\/wp-json\/wp\/v2\/tags?post=98595"}],"curies":[{"name":"wp","href":"https:\/\/api.w.org\/{rel}","templated":true}]}}