{"id":98564,"date":"2026-04-08T22:39:19","date_gmt":"2026-04-09T01:39:19","guid":{"rendered":"https:\/\/vocesparalelas.com.ar\/sitio\/?p=98564"},"modified":"2026-04-10T00:11:43","modified_gmt":"2026-04-10T03:11:43","slug":"programacion-2026-de-mozarteum-argentino-filial-san-juan","status":"publish","type":"post","link":"https:\/\/vocesparalelas.com.ar\/sitio\/programacion-2026-de-mozarteum-argentino-filial-san-juan\/","title":{"rendered":"Programaci\u00f3n 2026 de Mozarteum Argentino Filial San Juan"},"content":{"rendered":"<p>El Ministerio de Turismo, Cultura y Deporte del Gobierno de San Juan y Mozarteum Argentino Filial San Juan present\u00f3 la Programaci\u00f3n 2026 que reafirma su compromiso con la calidad, la diversidad musical y el acceso federal a la cultura en la provincia de San Juan.<\/p>\n<p>Esta temporada propone un recorrido art\u00edstico diverso y de alto nivel, integrando distintas formaciones y lenguajes musicales: m\u00fasica de c\u00e1mara, conjuntos instrumentales, repertorio l\u00edrico con arias y d\u00faos de \u00f3pera, propuestas contempor\u00e1neas como el neotango y el electrotango, y una producci\u00f3n de cierre en versi\u00f3n sinf\u00f3nico-coral.<\/p>\n<p>El ciclo est\u00e1 conformado por cinco conciertos principales:<\/p>\n<ul>\n<li>Concierto de Apertura &#8211; S\u00e1bado 9 de mayo, Teatro Sarmiento, In Crescendo &#8211; Cuarteto de guitarras, con la participaci\u00f3n de la bailarina sanjuanina Marisol Morales.<\/li>\n<li>Gala L\u00edrica &#8211; Jueves 23 de julio, Teatro del Bicentenario, Selecci\u00f3n de arias y d\u00faos de \u00f3pera.<\/li>\n<li>Concierto de M\u00fasica de C\u00e1mara \u2013 S\u00e1bado 8 de agosto, Teatro del Bicentenario<\/li>\n<li>Camerata Docta. Neotango y Electrotango &#8211; Martes 15 de septiembre, Teatro Sarmiento, Tanghetto.<\/li>\n<li>Concierto de Cierre &#8211; S\u00e1bado 28 de noviembre, Teatro Sarmiento, The Beatles, en versi\u00f3n sinf\u00f3nico-coral.<\/li>\n<\/ul>\n<p>Cabe destacar que,\u00a0debido a trabajos de reacondicionamiento en el Auditorio Juan Victoria, las actividades de esta temporada se desarrollar\u00e1n en el Teatro del Bicentenario y el Teatro Sarmiento.<\/p>\n<p>Asimismo,\u00a0el Mozarteum Argentino San Juan\u00a0contin\u00faa fortaleciendo su compromiso con la\u00a0inclusi\u00f3n cultural\u00a0a trav\u00e9s del proyecto\u00a0\u201cNotas que Unen.\u00a0Ciclo de conciertos itinerantes\u201d, seleccionado por el Consejo de Mecenazgo Cultural en la convocatoria 2025 del R\u00e9gimen de Promoci\u00f3n Cultural (Ley 2197-F).<\/p>\n<p>Este ciclo llevar\u00e1 propuestas musicales a distintos departamentos de la provincia durante 2026, con conciertos de entrada libre y gratuita, reafirmando el objetivo de democratizar el acceso a la cultura.<\/p>\n<p><strong><span style=\"color: #ff6600;\">Programaci\u00f3n itinerante<\/span><\/strong><\/p>\n<ul>\n<li><strong><span style=\"color: #ff6600;\">Departamento Albard\u00f3n:<\/span> <\/strong>Camerata San Juan<\/li>\n<li><strong><span style=\"color: #ff6600;\">Departamento\u00a0 Iglesia:<\/span><\/strong> Tr\u00edo de Jonatan Vera<\/li>\n<li><strong><span style=\"color: #ff6600;\">Departamento Sarmiento:<\/span><\/strong> Cuarteto de guitarras In Crescendo<\/li>\n<li><strong><span style=\"color: #ff6600;\">Departamento\u00a0 J\u00e1chal:<\/span><\/strong> Cuarteto de cuerdas \u00c1mbar<\/li>\n<li><span style=\"color: #ff6600;\"><strong>Departamento\u00a0 Calingasta:<\/strong> <\/span>Tr\u00edo de Jazz de Elmer Meza<\/li>\n<\/ul>\n<p>La realizaci\u00f3n de esta nueva temporada cuenta con el apoyo del Ministerio de Turismo, Cultura y Deporte, as\u00ed como de la Fundaci\u00f3n Banco San Juan y el Banco San Juan, en su car\u00e1cter de mecenas por segundo a\u00f1o consecutivo.<\/p>\n<p>Con 44 a\u00f1os de labor ininterrumpida, el Mozarteum Argentino Filial San Juan renueva su compromiso con la comunidad, reafirmando su misi\u00f3n de acercar la m\u00fasica de excelencia a todos los sanjuaninos y consolidar el desarrollo cultural de la provincia.<\/p>\n<p>&nbsp;<\/p>\n<p><img loading=\"lazy\" decoding=\"async\" class=\"alignnone size-full wp-image-60704\" src=\"https:\/\/vocesparalelas.com.ar\/sitio\/wp-content\/uploads\/2023\/07\/Mozarteum-LOGO.jpg\" alt=\"\" width=\"800\" height=\"206\" srcset=\"https:\/\/vocesparalelas.com.ar\/sitio\/wp-content\/uploads\/2023\/07\/Mozarteum-LOGO.jpg 800w, https:\/\/vocesparalelas.com.ar\/sitio\/wp-content\/uploads\/2023\/07\/Mozarteum-LOGO-300x77.jpg 300w, https:\/\/vocesparalelas.com.ar\/sitio\/wp-content\/uploads\/2023\/07\/Mozarteum-LOGO-768x198.jpg 768w\" sizes=\"auto, (max-width: 800px) 100vw, 800px\" \/><\/p>\n","protected":false},"excerpt":{"rendered":"<p>El Ministerio de Turismo, Cultura y Deporte del Gobierno de San Juan y Mozarteum Argentino Filial San Juan present\u00f3 la<\/p>\n","protected":false},"author":3,"featured_media":40290,"comment_status":"closed","ping_status":"closed","sticky":false,"template":"","format":"standard","meta":{"_acf_changed":false,"_seopress_robots_primary_cat":"none","_seopress_titles_title":"","_seopress_titles_desc":"","_seopress_robots_index":"","colormag_page_container_layout":"default_layout","colormag_page_sidebar_layout":"default_layout","footnotes":""},"categories":[6],"tags":[],"class_list":["post-98564","post","type-post","status-publish","format-standard","has-post-thumbnail","hentry","category-eventos"],"acf":[],"_links":{"self":[{"href":"https:\/\/vocesparalelas.com.ar\/sitio\/wp-json\/wp\/v2\/posts\/98564","targetHints":{"allow":["GET"]}}],"collection":[{"href":"https:\/\/vocesparalelas.com.ar\/sitio\/wp-json\/wp\/v2\/posts"}],"about":[{"href":"https:\/\/vocesparalelas.com.ar\/sitio\/wp-json\/wp\/v2\/types\/post"}],"author":[{"embeddable":true,"href":"https:\/\/vocesparalelas.com.ar\/sitio\/wp-json\/wp\/v2\/users\/3"}],"replies":[{"embeddable":true,"href":"https:\/\/vocesparalelas.com.ar\/sitio\/wp-json\/wp\/v2\/comments?post=98564"}],"version-history":[{"count":1,"href":"https:\/\/vocesparalelas.com.ar\/sitio\/wp-json\/wp\/v2\/posts\/98564\/revisions"}],"predecessor-version":[{"id":98567,"href":"https:\/\/vocesparalelas.com.ar\/sitio\/wp-json\/wp\/v2\/posts\/98564\/revisions\/98567"}],"wp:featuredmedia":[{"embeddable":true,"href":"https:\/\/vocesparalelas.com.ar\/sitio\/wp-json\/wp\/v2\/media\/40290"}],"wp:attachment":[{"href":"https:\/\/vocesparalelas.com.ar\/sitio\/wp-json\/wp\/v2\/media?parent=98564"}],"wp:term":[{"taxonomy":"category","embeddable":true,"href":"https:\/\/vocesparalelas.com.ar\/sitio\/wp-json\/wp\/v2\/categories?post=98564"},{"taxonomy":"post_tag","embeddable":true,"href":"https:\/\/vocesparalelas.com.ar\/sitio\/wp-json\/wp\/v2\/tags?post=98564"}],"curies":[{"name":"wp","href":"https:\/\/api.w.org\/{rel}","templated":true}]}}