{"id":98548,"date":"2026-04-08T22:00:08","date_gmt":"2026-04-09T01:00:08","guid":{"rendered":"https:\/\/vocesparalelas.com.ar\/sitio\/?p=98548"},"modified":"2026-04-09T23:41:43","modified_gmt":"2026-04-10T02:41:43","slug":"por-que-paramos-y-marchamos-este-9a","status":"publish","type":"post","link":"https:\/\/vocesparalelas.com.ar\/sitio\/por-que-paramos-y-marchamos-este-9a\/","title":{"rendered":"\u00bfPor qu\u00e9 Paramos y Marchamos este 9A?"},"content":{"rendered":"<p>Ratificamos la medida de fuerza y la Gran Marcha del 9 de Abril<\/p>\n<p><iframe loading=\"lazy\" title=\"UDA SAN JUAN SUELDO DIGNO PARA LOS DOCENTES\" width=\"563\" height=\"1000\" src=\"https:\/\/www.youtube.com\/embed\/B3whiaBubJY?feature=oembed\" frameborder=\"0\" allow=\"accelerometer; autoplay; clipboard-write; encrypted-media; gyroscope; picture-in-picture; web-share\" referrerpolicy=\"strict-origin-when-cross-origin\" allowfullscreen><\/iframe><\/p>\n<p>Segmentaci\u00f3n del Sector Docente: Denunciamos la desvalorizaci\u00f3n y exclusi\u00f3n de 109 cargos y horas c\u00e1tedra que quedaron fuera de la \u00faltima liquidaci\u00f3n, rompiendo la unidad del escalaf\u00f3n.<\/p>\n<p>Incumplimiento en los Radios: Exigimos la liquidaci\u00f3n inmediata del 5% adeudado a los docentes de Radios 4, 5, 6 y 7, un derecho territorial que no se est\u00e1 respetando.<\/p>\n<p>Liquidaciones Arbitrarias: Repudiamos la pr\u00e1ctica sistem\u00e1tica de liquidaciones err\u00f3neas y unilaterales (como ocurri\u00f3 en el mes de febrero).<\/p>\n<p>Enga\u00f1o en los Conceptos: Denunciamos que el Gobierno alardea incrementos salariales cuando en realidad computa beneficios sociales como Equipamiento Docente y Ayuda Escolar, los cuales son derechos colectivos y no deben ser utilizados para disfrazar la falta de una recomposici\u00f3n salarial real en el b\u00e1sico.<\/p>\n<p>La lucha sigue m\u00e1s firme que nunca. El 9A los tres sindicatos marchamos juntos por la dignidad de nuestro salario y el respeto a nuestra carrera docente.<\/p>\n<p>&nbsp;<\/p>\n<p><img loading=\"lazy\" decoding=\"async\" class=\"alignnone size-full wp-image-86898\" src=\"https:\/\/vocesparalelas.com.ar\/sitio\/wp-content\/uploads\/2025\/05\/UDA-LOGO.jpg\" alt=\"\" width=\"800\" height=\"455\" srcset=\"https:\/\/vocesparalelas.com.ar\/sitio\/wp-content\/uploads\/2025\/05\/UDA-LOGO.jpg 800w, https:\/\/vocesparalelas.com.ar\/sitio\/wp-content\/uploads\/2025\/05\/UDA-LOGO-300x171.jpg 300w, https:\/\/vocesparalelas.com.ar\/sitio\/wp-content\/uploads\/2025\/05\/UDA-LOGO-768x437.jpg 768w\" sizes=\"auto, (max-width: 800px) 100vw, 800px\" \/><\/p>\n","protected":false},"excerpt":{"rendered":"<p>Ratificamos la medida de fuerza y la Gran Marcha del 9 de Abril Segmentaci\u00f3n del Sector Docente: Denunciamos la desvalorizaci\u00f3n<\/p>\n","protected":false},"author":3,"featured_media":83262,"comment_status":"closed","ping_status":"closed","sticky":false,"template":"","format":"standard","meta":{"_acf_changed":false,"_seopress_robots_primary_cat":"none","_seopress_titles_title":"","_seopress_titles_desc":"","_seopress_robots_index":"","colormag_page_container_layout":"default_layout","colormag_page_sidebar_layout":"default_layout","footnotes":""},"categories":[10,7],"tags":[],"class_list":["post-98548","post","type-post","status-publish","format-standard","has-post-thumbnail","hentry","category-opiniones","category-videos"],"acf":[],"_links":{"self":[{"href":"https:\/\/vocesparalelas.com.ar\/sitio\/wp-json\/wp\/v2\/posts\/98548","targetHints":{"allow":["GET"]}}],"collection":[{"href":"https:\/\/vocesparalelas.com.ar\/sitio\/wp-json\/wp\/v2\/posts"}],"about":[{"href":"https:\/\/vocesparalelas.com.ar\/sitio\/wp-json\/wp\/v2\/types\/post"}],"author":[{"embeddable":true,"href":"https:\/\/vocesparalelas.com.ar\/sitio\/wp-json\/wp\/v2\/users\/3"}],"replies":[{"embeddable":true,"href":"https:\/\/vocesparalelas.com.ar\/sitio\/wp-json\/wp\/v2\/comments?post=98548"}],"version-history":[{"count":2,"href":"https:\/\/vocesparalelas.com.ar\/sitio\/wp-json\/wp\/v2\/posts\/98548\/revisions"}],"predecessor-version":[{"id":98559,"href":"https:\/\/vocesparalelas.com.ar\/sitio\/wp-json\/wp\/v2\/posts\/98548\/revisions\/98559"}],"wp:featuredmedia":[{"embeddable":true,"href":"https:\/\/vocesparalelas.com.ar\/sitio\/wp-json\/wp\/v2\/media\/83262"}],"wp:attachment":[{"href":"https:\/\/vocesparalelas.com.ar\/sitio\/wp-json\/wp\/v2\/media?parent=98548"}],"wp:term":[{"taxonomy":"category","embeddable":true,"href":"https:\/\/vocesparalelas.com.ar\/sitio\/wp-json\/wp\/v2\/categories?post=98548"},{"taxonomy":"post_tag","embeddable":true,"href":"https:\/\/vocesparalelas.com.ar\/sitio\/wp-json\/wp\/v2\/tags?post=98548"}],"curies":[{"name":"wp","href":"https:\/\/api.w.org\/{rel}","templated":true}]}}