{"id":98535,"date":"2026-04-07T23:47:55","date_gmt":"2026-04-08T02:47:55","guid":{"rendered":"https:\/\/vocesparalelas.com.ar\/sitio\/?p=98535"},"modified":"2026-04-09T00:54:54","modified_gmt":"2026-04-09T03:54:54","slug":"congreso-internacional-virtual-2026-despatriarcalizar-el-patrimonio-cultural-inmaterial","status":"publish","type":"post","link":"https:\/\/vocesparalelas.com.ar\/sitio\/congreso-internacional-virtual-2026-despatriarcalizar-el-patrimonio-cultural-inmaterial\/","title":{"rendered":"Congreso Internacional Virtual 2026 \u00abDespatriarcalizar el patrimonio cultural inmaterial\u00bb"},"content":{"rendered":"<p style=\"font-weight: 500;\">La Universidad Nacional de San Juan, en un esfuerzo conjunto con la Universidad Nacional de La Plata &#8211; UNLP &#8211; y diversas instituciones de la regi\u00f3n, invita a la comunidad acad\u00e9mica y al p\u00fablico general a participar del Congreso Internacional 2026 \u00abDespatriarcalizar el patrimonio cultural inmaterial\u00bb.<\/p>\n<p style=\"font-weight: 500;\">Esta iniciativa es impulsada por el equipo de Investigaci\u00f3n y Gesti\u00f3n de la C\u00e1tedra Libre Patrimonio Cultural Inmaterial: Memorias y Colectivos Sociales de la UNLP. Por parte de esta casa de estudios, la representaci\u00f3n y moderaci\u00f3n est\u00e1 a cargo de las especialistas Mar\u00eda Marcela Santandreu y Jimena Sancho, del Programa de Derechos Humanos de la UNSJ.<\/p>\n<p style=\"font-weight: 500;\"><span style=\"color: #ff6600;\"><b><strong>Un espacio de debate y construcci\u00f3n inclusiva<\/strong><\/b><\/span><\/p>\n<p style=\"font-weight: 500;\">El congreso, de car\u00e1cter gratuito y abierto, se propone como un punto de encuentro clave para:<\/p>\n<ul>\n<li style=\"font-weight: 500;\">Intercambiar ideas desde perspectivas inter y transdisciplinarias.<\/li>\n<li style=\"font-weight: 500;\">Visibilizar y valorar experiencias diversas en el territorio.<\/li>\n<li style=\"font-weight: 500;\">Dise\u00f1ar y promover pol\u00edticas culturales inclusivas.<\/li>\n<li style=\"font-weight: 500;\">Elaborar herramientas metodol\u00f3gicas que impulsen procesos reales de despatriarcalizaci\u00f3n en la gesti\u00f3n del patrimonio.<\/li>\n<\/ul>\n<p style=\"font-weight: 500;\"><span style=\"color: #ff6600;\"><b><strong>Modalidad y participaci\u00f3n<\/strong><\/b><\/span><\/p>\n<p style=\"font-weight: 500;\">Dada su naturaleza internacional, el evento se lleva a cabo \u00edntegramente de forma virtual a trav\u00e9s de una serie de sesiones, cronograma a confirmar que se extiende desde Junio hasta Noviembre de 2026.<\/p>\n<p style=\"font-weight: 500;\"><span style=\"color: #ff6600;\"><b><strong>Presentaci\u00f3n de trabajos<\/strong><\/b><\/span><\/p>\n<p style=\"font-weight: 500;\">Aquellos interesados en participar como expositores pueden enviar sus ponencias bajo las siguientes condiciones:<\/p>\n<ul>\n<li style=\"font-weight: 500;\">Fecha l\u00edmite: Hasta el 5 de abril de 2026.<\/li>\n<li style=\"font-weight: 500;\">Autor\u00eda: Se aceptan trabajos de hasta dos autores\/as.<\/li>\n<\/ul>\n<p style=\"font-weight: 500;\">Los ejes tem\u00e1ticos, requisitos de participaci\u00f3n y pautas formales para la presentaci\u00f3n de ponencias se encuentran detallados en la circular oficial del evento.<\/p>\n<p>&nbsp;<\/p>\n<p><a href=\"https:\/\/vocesparalelas.com.ar\/sitio\/wp-content\/uploads\/2026\/04\/CongresoInterna_10259_055.pdf\">CongresoInterna_10259_055<\/a><\/p>\n<p>&nbsp;<\/p>\n<p><img loading=\"lazy\" decoding=\"async\" class=\"alignnone size-full wp-image-35089\" src=\"https:\/\/vocesparalelas.com.ar\/sitio\/wp-content\/uploads\/2021\/02\/TEJIDO-TELAR.jpg\" alt=\"\" width=\"800\" height=\"497\" srcset=\"https:\/\/vocesparalelas.com.ar\/sitio\/wp-content\/uploads\/2021\/02\/TEJIDO-TELAR.jpg 800w, https:\/\/vocesparalelas.com.ar\/sitio\/wp-content\/uploads\/2021\/02\/TEJIDO-TELAR-300x186.jpg 300w, https:\/\/vocesparalelas.com.ar\/sitio\/wp-content\/uploads\/2021\/02\/TEJIDO-TELAR-768x477.jpg 768w\" sizes=\"auto, (max-width: 800px) 100vw, 800px\" \/><\/p>\n<p>&nbsp;<\/p>\n<p>&nbsp;<\/p>\n","protected":false},"excerpt":{"rendered":"<p>La Universidad Nacional de San Juan, en un esfuerzo conjunto con la Universidad Nacional de La Plata &#8211; UNLP &#8211;<\/p>\n","protected":false},"author":3,"featured_media":4250,"comment_status":"closed","ping_status":"closed","sticky":false,"template":"","format":"standard","meta":{"_acf_changed":false,"_seopress_robots_primary_cat":"none","_seopress_titles_title":"","_seopress_titles_desc":"","_seopress_robots_index":"","colormag_page_container_layout":"default_layout","colormag_page_sidebar_layout":"default_layout","footnotes":""},"categories":[15],"tags":[],"class_list":["post-98535","post","type-post","status-publish","format-standard","has-post-thumbnail","hentry","category-posgrados"],"acf":[],"_links":{"self":[{"href":"https:\/\/vocesparalelas.com.ar\/sitio\/wp-json\/wp\/v2\/posts\/98535","targetHints":{"allow":["GET"]}}],"collection":[{"href":"https:\/\/vocesparalelas.com.ar\/sitio\/wp-json\/wp\/v2\/posts"}],"about":[{"href":"https:\/\/vocesparalelas.com.ar\/sitio\/wp-json\/wp\/v2\/types\/post"}],"author":[{"embeddable":true,"href":"https:\/\/vocesparalelas.com.ar\/sitio\/wp-json\/wp\/v2\/users\/3"}],"replies":[{"embeddable":true,"href":"https:\/\/vocesparalelas.com.ar\/sitio\/wp-json\/wp\/v2\/comments?post=98535"}],"version-history":[{"count":1,"href":"https:\/\/vocesparalelas.com.ar\/sitio\/wp-json\/wp\/v2\/posts\/98535\/revisions"}],"predecessor-version":[{"id":98539,"href":"https:\/\/vocesparalelas.com.ar\/sitio\/wp-json\/wp\/v2\/posts\/98535\/revisions\/98539"}],"wp:featuredmedia":[{"embeddable":true,"href":"https:\/\/vocesparalelas.com.ar\/sitio\/wp-json\/wp\/v2\/media\/4250"}],"wp:attachment":[{"href":"https:\/\/vocesparalelas.com.ar\/sitio\/wp-json\/wp\/v2\/media?parent=98535"}],"wp:term":[{"taxonomy":"category","embeddable":true,"href":"https:\/\/vocesparalelas.com.ar\/sitio\/wp-json\/wp\/v2\/categories?post=98535"},{"taxonomy":"post_tag","embeddable":true,"href":"https:\/\/vocesparalelas.com.ar\/sitio\/wp-json\/wp\/v2\/tags?post=98535"}],"curies":[{"name":"wp","href":"https:\/\/api.w.org\/{rel}","templated":true}]}}